{"id":86324,"date":"2023-09-07T22:13:59","date_gmt":"2023-09-08T01:13:59","guid":{"rendered":"https:\/\/corrientesdetarde.com\/?p=86324"},"modified":"2023-09-07T22:15:05","modified_gmt":"2023-09-08T01:15:05","slug":"video-el-recibimiento-para-la-seleccion-y-el-emotivo-momento-del-himno-en-un-monumental-colmado","status":"publish","type":"post","link":"https:\/\/corrientesdetarde.com\/index.php\/deportes\/video-el-recibimiento-para-la-seleccion-y-el-emotivo-momento-del-himno-en-un-monumental-colmado\/","title":{"rendered":"Video: el recibimiento para la Selecci\u00f3n y el emotivo momento del himno en un Monumental colmado"},"content":{"rendered":"\n<p>Una multitud llen\u00f3 las tribunas del estadio y se reencontr\u00f3 con los campeones del mundo.&nbsp;<\/p>\n\n\n\n<p><strong>Una multitud cop\u00f3 este jueves por la noche las tribunas del estadio Monumental y se reencontr\u00f3 con los campeones del mundo en&nbsp;el partido frente a Ecuador<\/strong>&nbsp;por la primera fecha de las Eliminatorias sudamericanas para el Mundial de Estados Unidos, M\u00e9xico y Canad\u00e1 2026.<\/p>\n\n\n\n<p><strong>Los hinchas argentinos llenaron las tribunas y recibieron a los futbolistas de la Selecci\u00f3n al grito de &#8220;dale campe\u00f3n&#8221;<\/strong>, mientras que en la antesala del encuentro ya hab\u00eda sido ovacionados todos los protagonistas con el capit\u00e1n&nbsp;<strong>Lionel Messi<\/strong>&nbsp;a la cabeza.<\/p>\n\n\n\n<p>Adem\u00e1s, el reconocido cantante&nbsp;<strong>Abel Pintos<\/strong>&nbsp;enton\u00f3 las estrofas del himno nacional en el centro del campo de juego, en medio de un clima emotivo, con el acompa\u00f1amiento de la gente y de los propios jugadores.&nbsp;<\/p>\n\n\n\n<figure class=\"wp-block-embed is-type-video is-provider-youtube wp-block-embed-youtube wp-embed-aspect-16-9 wp-has-aspect-ratio\"><div class=\"wp-block-embed__wrapper\">\n<iframe loading=\"lazy\" title=\"EL RECIBIMIENTO PARA LA SELECCI\u00d3N Y EL EMOTIVO MOMENTO DEL HIMNO EN UN MONUMENTAL COLMADO\" width=\"1110\" height=\"624\" src=\"https:\/\/www.youtube.com\/embed\/7mWevJX8bL4?feature=oembed\" frameborder=\"0\" allow=\"accelerometer; autoplay; clipboard-write; encrypted-media; gyroscope; picture-in-picture; web-share\" allowfullscreen><\/iframe>\n<\/div><\/figure>\n","protected":false},"excerpt":{"rendered":"<p>Una multitud llen\u00f3 las tribunas del estadio y se reencontr\u00f3 con los campeones del mundo.&nbsp; Una multitud cop\u00f3 este jueves por la noche las tribunas del estadio Monumental y se&hellip; <\/p>\n","protected":false},"author":4,"featured_media":86325,"comment_status":"closed","ping_status":"open","sticky":false,"template":"","format":"standard","meta":{"footnotes":""},"categories":[4],"tags":[],"class_list":["post-86324","post","type-post","status-publish","format-standard","has-post-thumbnail","hentry","category-deportes"],"_links":{"self":[{"href":"https:\/\/corrientesdetarde.com\/index.php\/wp-json\/wp\/v2\/posts\/86324","targetHints":{"allow":["GET"]}}],"collection":[{"href":"https:\/\/corrientesdetarde.com\/index.php\/wp-json\/wp\/v2\/posts"}],"about":[{"href":"https:\/\/corrientesdetarde.com\/index.php\/wp-json\/wp\/v2\/types\/post"}],"author":[{"embeddable":true,"href":"https:\/\/corrientesdetarde.com\/index.php\/wp-json\/wp\/v2\/users\/4"}],"replies":[{"embeddable":true,"href":"https:\/\/corrientesdetarde.com\/index.php\/wp-json\/wp\/v2\/comments?post=86324"}],"version-history":[{"count":2,"href":"https:\/\/corrientesdetarde.com\/index.php\/wp-json\/wp\/v2\/posts\/86324\/revisions"}],"predecessor-version":[{"id":86327,"href":"https:\/\/corrientesdetarde.com\/index.php\/wp-json\/wp\/v2\/posts\/86324\/revisions\/86327"}],"wp:featuredmedia":[{"embeddable":true,"href":"https:\/\/corrientesdetarde.com\/index.php\/wp-json\/wp\/v2\/media\/86325"}],"wp:attachment":[{"href":"https:\/\/corrientesdetarde.com\/index.php\/wp-json\/wp\/v2\/media?parent=86324"}],"wp:term":[{"taxonomy":"category","embeddable":true,"href":"https:\/\/corrientesdetarde.com\/index.php\/wp-json\/wp\/v2\/categories?post=86324"},{"taxonomy":"post_tag","embeddable":true,"href":"https:\/\/corrientesdetarde.com\/index.php\/wp-json\/wp\/v2\/tags?post=86324"}],"curies":[{"name":"wp","href":"https:\/\/api.w.org\/{rel}","templated":true}]}}