{"id":86334,"date":"2023-09-07T22:37:30","date_gmt":"2023-09-08T01:37:30","guid":{"rendered":"https:\/\/corrientesdetarde.com\/?p=86334"},"modified":"2023-09-07T22:37:42","modified_gmt":"2023-09-08T01:37:42","slug":"la-policia-secuestro-entradas-y-camisetas-en-la-previa-del-partido-entre-argentina-y-ecuador","status":"publish","type":"post","link":"https:\/\/corrientesdetarde.com\/index.php\/actualidad\/la-policia-secuestro-entradas-y-camisetas-en-la-previa-del-partido-entre-argentina-y-ecuador\/","title":{"rendered":"La Polic\u00eda secuestr\u00f3 entradas y camisetas en la previa del partido entre Argentina y Ecuador"},"content":{"rendered":"\n<p>El operativo fue realizado a metros de la cancha de River.<\/p>\n\n\n\n<p>La Divisi\u00f3n Contravenciones y Faltas en Eventos Masivos de la Polic\u00eda detect\u00f3 en el cruce de la avenida Del Libertador y la calle Monroe, a pocos metros del estadio Monumental, a\u00a0<strong>una persona revendi\u00e9ndole entradas a un contingente que hab\u00eda llegado de Bah\u00eda Blanca para el partido entre la\u00a0Selecci\u00f3n argentina y Ecuador.<\/strong><\/p>\n\n\n\n<p>Al acercarse al lugar, los efectivos corroboraron la situaci\u00f3n por lo que requisaron al vendedor en presencia de testigos, encontr\u00e1ndole&nbsp;<strong>35 entradas y $205.550.<\/strong><\/p>\n\n\n\n<p>La Polic\u00eda trabaj\u00f3 en conjunto con la Fiscal\u00eda Penal, Contravencional y de Faltas N\u00famero 35, especializada en Eventos Deportivos. Por lo tanto, se orden\u00f3 el secuestro del dinero y del tel\u00e9fono celular del vendedor, que fue&nbsp;<strong>imputado por infracci\u00f3n al art\u00edculo 108 (reventa de entradas).<\/strong>&nbsp;En cuanto a los tickets, quedaron para ser analizados y corroborar si estaban habilitados.<\/p>\n\n\n\n<p>Adem\u00e1s, los efectivos incautaron\u00a0<strong>167 camisetas de la Selecci\u00f3n Argentina con el logo falsificado de la marca Adidas<\/strong>, que estaban a la venta en la intersecci\u00f3n de las avenidas Del Libertador y Udaondo.<\/p>\n\n\n\n<p>En esta causa intervino el Juzgado Federal N\u00famero 6, a cargo del doctor Daniel Rafecas y ante la Secretar\u00eda 11 de la doctora Paul Sanz, y quedaron imputadas dos personas (una mujer argentina de 22 a\u00f1os y otro hombre senegal\u00e9s de 42) por infracci\u00f3n a la Ley de Marcas (Ley 22.362).<\/p>\n\n\n\n<p><\/p>\n","protected":false},"excerpt":{"rendered":"<p>El operativo fue realizado a metros de la cancha de River. La Divisi\u00f3n Contravenciones y Faltas en Eventos Masivos de la Polic\u00eda detect\u00f3 en el cruce de la avenida Del&hellip; <\/p>\n","protected":false},"author":4,"featured_media":86336,"comment_status":"closed","ping_status":"open","sticky":false,"template":"","format":"standard","meta":{"footnotes":""},"categories":[23],"tags":[],"class_list":["post-86334","post","type-post","status-publish","format-standard","has-post-thumbnail","hentry","category-actualidad"],"_links":{"self":[{"href":"https:\/\/corrientesdetarde.com\/index.php\/wp-json\/wp\/v2\/posts\/86334","targetHints":{"allow":["GET"]}}],"collection":[{"href":"https:\/\/corrientesdetarde.com\/index.php\/wp-json\/wp\/v2\/posts"}],"about":[{"href":"https:\/\/corrientesdetarde.com\/index.php\/wp-json\/wp\/v2\/types\/post"}],"author":[{"embeddable":true,"href":"https:\/\/corrientesdetarde.com\/index.php\/wp-json\/wp\/v2\/users\/4"}],"replies":[{"embeddable":true,"href":"https:\/\/corrientesdetarde.com\/index.php\/wp-json\/wp\/v2\/comments?post=86334"}],"version-history":[{"count":1,"href":"https:\/\/corrientesdetarde.com\/index.php\/wp-json\/wp\/v2\/posts\/86334\/revisions"}],"predecessor-version":[{"id":86337,"href":"https:\/\/corrientesdetarde.com\/index.php\/wp-json\/wp\/v2\/posts\/86334\/revisions\/86337"}],"wp:featuredmedia":[{"embeddable":true,"href":"https:\/\/corrientesdetarde.com\/index.php\/wp-json\/wp\/v2\/media\/86336"}],"wp:attachment":[{"href":"https:\/\/corrientesdetarde.com\/index.php\/wp-json\/wp\/v2\/media?parent=86334"}],"wp:term":[{"taxonomy":"category","embeddable":true,"href":"https:\/\/corrientesdetarde.com\/index.php\/wp-json\/wp\/v2\/categories?post=86334"},{"taxonomy":"post_tag","embeddable":true,"href":"https:\/\/corrientesdetarde.com\/index.php\/wp-json\/wp\/v2\/tags?post=86334"}],"curies":[{"name":"wp","href":"https:\/\/api.w.org\/{rel}","templated":true}]}}