{"id":86338,"date":"2023-09-07T22:50:07","date_gmt":"2023-09-08T01:50:07","guid":{"rendered":"https:\/\/corrientesdetarde.com\/?p=86338"},"modified":"2023-09-07T22:50:11","modified_gmt":"2023-09-08T01:50:11","slug":"hugo-orlando-gatti-fue-homenajeado-en-la-bombonera","status":"publish","type":"post","link":"https:\/\/corrientesdetarde.com\/index.php\/deportes\/hugo-orlando-gatti-fue-homenajeado-en-la-bombonera\/","title":{"rendered":"Hugo Orlando Gatti fue homenajeado en La Bombonera"},"content":{"rendered":"\n<p>El &#8220;Loco&#8221; Gatti fue reconocido con una estatua a sus 79 a\u00f1os y a 46 de la primera Libertadores del club.<\/p>\n\n\n\n<p><strong>El hist\u00f3rico \u00eddolo de Boca Hugo Orlando Gatti tuvo su homenaje en Hall Central del estadio La Bombonera esta tarde cuando se revel\u00f3 su estatua<\/strong>\u00a0con la que quedar\u00e1 inmortalizado junto a otras grandes figuras de la instituci\u00f3n. El arquero gan\u00f3 seis t\u00edtulos con la camiseta de Boca y disput\u00f3 417 partidos entre 1976 y 1988.<\/p>\n\n\n\n<figure class=\"wp-block-embed is-type-rich is-provider-twitter wp-block-embed-twitter\"><div class=\"wp-block-embed__wrapper\">\n<blockquote class=\"twitter-tweet\" data-width=\"550\" data-dnt=\"true\"><p lang=\"es\" dir=\"ltr\">LA MERECIDA ESTATUA PARA EL LOCO HUGO ORLANDO GATTI \ud83d\udc99\ud83d\udc9b\ud83d\udc99 <a href=\"https:\/\/t.co\/DFBJccBApo\">pic.twitter.com\/DFBJccBApo<\/a><\/p>&mdash; BOCA PASI\u00d3N TOTAL \ud83c\udf9674- Boca Juniors (@BocaPasionTotal) <a href=\"https:\/\/twitter.com\/BocaPasionTotal\/status\/1699914901425442956?ref_src=twsrc%5Etfw\">September 7, 2023<\/a><\/blockquote><script async src=\"https:\/\/platform.twitter.com\/widgets.js\" charset=\"utf-8\"><\/script>\n<\/div><\/figure>\n\n\n\n<p>El arquero de 79 a\u00f1os fue recibido por una multitud de hinchas de todas las edades y fue ovacionado por los presentes en varias ocasiones, hasta recibi\u00f3 un cl\u00e1sico c\u00e1ntico de sus \u00e9pocas como jugador:\u00a0<strong>&#8220;El Loco es lo m\u00e1s grande del f\u00fatbol nacional&#8221;<\/strong>. El presidente Jorge Amor Ameal, junto a otras figuras, estuvo presente en el homenaje.<\/p>\n\n\n\n<figure class=\"wp-block-embed is-type-rich is-provider-twitter wp-block-embed-twitter\"><div class=\"wp-block-embed__wrapper\">\n<blockquote class=\"twitter-tweet\" data-width=\"550\" data-dnt=\"true\"><p lang=\"es\" dir=\"ltr\">&quot;EL LOCO ES LO M\u00c1S GRANDE DEL F\u00daTBOL NACIONAL&#8230;&quot; locura total de los hinchas de Boca: hoy se descubre la estatua de Hugo Orlando Gatti en el hall central de La Bombonera. <a href=\"https:\/\/t.co\/GWIAjTYy3t\">pic.twitter.com\/GWIAjTYy3t<\/a><\/p>&mdash; SportsCenter (@SC_ESPN) <a href=\"https:\/\/twitter.com\/SC_ESPN\/status\/1699907100669837786?ref_src=twsrc%5Etfw\">September 7, 2023<\/a><\/blockquote><script async src=\"https:\/\/platform.twitter.com\/widgets.js\" charset=\"utf-8\"><\/script>\n<\/div><\/figure>\n\n\n\n<p>La fecha escogida, hoy 7 de septiembre,&nbsp;<strong>se debi\u00f3 a que se cumplieron 46 a\u00f1os de la obtenci\u00f3n de la primera Copa Libertadores de Boca en 1977<\/strong>, cuando derrot\u00f3 por penales al Cruzeiro en la final, en donde Gatti tuvo un papel fundamental en el proceso y camino al t\u00edtulo.<\/p>\n\n\n\n<p>Adem\u00e1s, en dos de sus t\u00edtulos comparti\u00f3 plantel con&nbsp;<strong>Diego Maradona<\/strong>&nbsp;y se consagraron campeones del Metropolitano de 1981, junto con los torneos de 1976 (Metropolitano y Nacional).<\/p>\n\n\n\n<p>Otros 11 referentes fueron inmortalizados en la cancha con sus respectivas estatuas:&nbsp;<strong>Diego Armando Maradona, Toto Lorenzo, Antonio Rattin, Carlos Bianchi, Silvio Marzolini, Rub\u00e9n Su\u00f1\u00e9, \u00c1ngel Clemente Rojas, Juan Rom\u00e1n Riquelme, Mart\u00edn Palermo, Guillermo Barros Schelotto y Roberto Mouzo<\/strong>.<\/p>\n","protected":false},"excerpt":{"rendered":"<p>El &#8220;Loco&#8221; Gatti fue reconocido con una estatua a sus 79 a\u00f1os y a 46 de la primera Libertadores del club. El hist\u00f3rico \u00eddolo de Boca Hugo Orlando Gatti tuvo&hellip; <\/p>\n","protected":false},"author":4,"featured_media":86339,"comment_status":"closed","ping_status":"open","sticky":false,"template":"","format":"standard","meta":{"footnotes":""},"categories":[4],"tags":[],"class_list":["post-86338","post","type-post","status-publish","format-standard","has-post-thumbnail","hentry","category-deportes"],"_links":{"self":[{"href":"https:\/\/corrientesdetarde.com\/index.php\/wp-json\/wp\/v2\/posts\/86338","targetHints":{"allow":["GET"]}}],"collection":[{"href":"https:\/\/corrientesdetarde.com\/index.php\/wp-json\/wp\/v2\/posts"}],"about":[{"href":"https:\/\/corrientesdetarde.com\/index.php\/wp-json\/wp\/v2\/types\/post"}],"author":[{"embeddable":true,"href":"https:\/\/corrientesdetarde.com\/index.php\/wp-json\/wp\/v2\/users\/4"}],"replies":[{"embeddable":true,"href":"https:\/\/corrientesdetarde.com\/index.php\/wp-json\/wp\/v2\/comments?post=86338"}],"version-history":[{"count":1,"href":"https:\/\/corrientesdetarde.com\/index.php\/wp-json\/wp\/v2\/posts\/86338\/revisions"}],"predecessor-version":[{"id":86340,"href":"https:\/\/corrientesdetarde.com\/index.php\/wp-json\/wp\/v2\/posts\/86338\/revisions\/86340"}],"wp:featuredmedia":[{"embeddable":true,"href":"https:\/\/corrientesdetarde.com\/index.php\/wp-json\/wp\/v2\/media\/86339"}],"wp:attachment":[{"href":"https:\/\/corrientesdetarde.com\/index.php\/wp-json\/wp\/v2\/media?parent=86338"}],"wp:term":[{"taxonomy":"category","embeddable":true,"href":"https:\/\/corrientesdetarde.com\/index.php\/wp-json\/wp\/v2\/categories?post=86338"},{"taxonomy":"post_tag","embeddable":true,"href":"https:\/\/corrientesdetarde.com\/index.php\/wp-json\/wp\/v2\/tags?post=86338"}],"curies":[{"name":"wp","href":"https:\/\/api.w.org\/{rel}","templated":true}]}}