{"id":86341,"date":"2023-09-07T23:01:47","date_gmt":"2023-09-08T02:01:47","guid":{"rendered":"https:\/\/corrientesdetarde.com\/?p=86341"},"modified":"2023-09-07T23:01:59","modified_gmt":"2023-09-08T02:01:59","slug":"el-tribunal-supremo-de-brasil-anulo-las-pruebas-utilizadas-en-la-operacion-lava-jato","status":"publish","type":"post","link":"https:\/\/corrientesdetarde.com\/index.php\/internacionales\/el-tribunal-supremo-de-brasil-anulo-las-pruebas-utilizadas-en-la-operacion-lava-jato\/","title":{"rendered":"El Tribunal Supremo de Brasil anul\u00f3 las pruebas utilizadas en la operaci\u00f3n Lava Jato"},"content":{"rendered":"\n<p>Entre ellas, figura la que se us\u00f3 para llevar a prisi\u00f3n al actual presidente, Luiz In\u00e1cio Lula da Silva.<\/p>\n\n\n\n<p><strong>Un juez del Tribunal Supremo de Brasil anul\u00f3 las pruebas obtenidas mediante acuerdos de colaboraci\u00f3n con la constructora Odebrecht utilizadas en las acusaciones y condenas enmarcadas en la operaci\u00f3n Lava Jato,<\/strong>&nbsp;incluida la que llev\u00f3 a prisi\u00f3n al actual presidente, Luiz In\u00e1cio Lula da Silva.<\/p>\n\n\n\n<p>En su decisi\u00f3n, que llega en respuesta a una solicitud de la defensa del mandatario,&nbsp;<strong>el magistrado Jos\u00e9 Ant\u00f3nio Dias Toffoli calific\u00f3 adem\u00e1s el encarcelamiento de Lula da Silva de &#8220;montaje&#8221;<\/strong>&nbsp;y &#8220;uno de los mayores errores judiciales de la historia del pa\u00eds&#8221;.<\/p>\n\n\n\n<p><strong>&#8220;Dada la gravedad de las terribles situaciones expuestas en este proceso, sumadas a las muchas otras decisiones emitidas por el STF (Tribunal Supremo de Brasil) y tambi\u00e9n hechas p\u00fablicas y notorias, ser\u00eda posible concluir simplemente que el encarcelamiento del demandante, Luiz In\u00e1cio Lula da Silva, podr\u00eda incluso calificarse como uno de los mayores errores judiciales de la historia del pa\u00eds&#8221;,<\/strong>&nbsp;se\u00f1al\u00f3 en su dictamen.<\/p>\n\n\n\n<p>De hecho, continu\u00f3, &#8220;fue peor&#8221;, pues&nbsp;<strong>se trat\u00f3 de &#8220;un montaje fruto del proyecto de poder de determinados agentes p\u00fablicos en su objetivo de conquistar el Estado por medios aparentemente legales, pero con m\u00e9todos y acciones contrarias a la ley&#8221;.<\/strong><\/p>\n\n\n\n<p><strong>Lula da Silva permaneci\u00f3 preso 580 d\u00edas desde abril de 2018 hasta noviembre de 2019 en la Superintendencia de la Polic\u00eda Federal de Curitiba,<\/strong>&nbsp;luego de ser condenado por corrupci\u00f3n y lavado de dinero por el entonces juez Sergio Moro, actual senador por el estado de Paran\u00e1.<\/p>\n\n\n\n<p><strong>El proceso se basaba en gran medida en pruebas ofrecidas por Odebrecht<\/strong>&nbsp;y la condena contra el actual presidente fue anulada por la Corte Suprema en junio de 2021, por considerar que Moro, que lideraba la Lava Jato, actu\u00f3 con parcialidad.<\/p>\n\n\n\n<p>Seg\u00fan Toffoli,<strong>&nbsp;la Lava Jato &#8220;fue el verdadero huevo de la serpiente de los ataques a la democracia y a las instituciones que ya se presagiaban en las acciones y voces de estos agentes contra las instituciones y el propio STF&#8221;.<\/strong><\/p>\n\n\n\n<p><strong>&#8220;Este huevo fue incubado por autoridades que abusaron de sus funciones, actuando en connivencia para atacar instituciones, autoridades, empresas y objetivos espec\u00edficos&#8221;,<\/strong>&nbsp;enfatiz\u00f3 en el dictamen.<\/p>\n\n\n\n<p>Iniciada en 2013,&nbsp;<strong>la operaci\u00f3n Lava Jato llev\u00f3 a prisi\u00f3n a decenas de empresarios, sobre todo del sector de construcci\u00f3n civil y proveedores de la petrolera estatal Petrobras, y a numerosos pol\u00edticos.<\/strong><\/p>\n\n\n\n<p>Toffoli afirm\u00f3 en su decisi\u00f3n de este mi\u00e9rcoles que&nbsp;<strong>&#8220;se firmaron cientos de acuerdos de clemencia y pactos de culpabilidad como medio ileg\u00edtimo para meter en la c\u00e1rcel a personas inocentes&#8221;.<\/strong><\/p>\n\n\n\n<p><strong>&#8220;Estos acuerdos se desmoronan d\u00eda tras d\u00eda.<\/strong>&nbsp;Tal connivencia y parcialidad demuestran, a nuestro leal saber y entender, que hubo una verdadera conspiraci\u00f3n con el objetivo de colocar a un hombre inocente como autor de delitos que nunca hab\u00eda cometido&#8221;, afirm\u00f3.<\/p>\n\n\n\n<p>El magistrado tambi\u00e9n orden\u00f3, a petici\u00f3n de la defensa de Lula, que<strong>&nbsp;la Polic\u00eda Federal divulgue en un plazo de 10 d\u00edas los mensajes obtenidos en la operaci\u00f3n Spoofing (suplantaci\u00f3n de identidad), que investig\u00f3 los ataques de piratas inform\u00e1ticos a los tel\u00e9fonos m\u00f3viles del exjuez Moro y de los exfiscales de la Lava Jato.<\/strong><\/p>\n\n\n\n<p><strong>Pide adem\u00e1s que todos los archivos relativos a la operaci\u00f3n sean compartidos<\/strong>&nbsp;\u00edntegramente con todos los &#8220;investigados y procesados por las pruebas contaminadas&#8221;.<\/p>\n\n\n\n<p>As\u00ed mismo,&nbsp;<strong>el juez determin\u00f3 tambi\u00e9n que el 13\u00ba Juzgado Federal de Curitiba y el Ministerio P\u00fablico Federal de Paran\u00e1, donde la Lava Jato estaba centralizada, compartan con la defensa del presidente todo el contenido obtenido en el acuerdo de delaci\u00f3n premiada de Odebrecht.<\/strong><\/p>\n","protected":false},"excerpt":{"rendered":"<p>Entre ellas, figura la que se us\u00f3 para llevar a prisi\u00f3n al actual presidente, Luiz In\u00e1cio Lula da Silva. Un juez del Tribunal Supremo de Brasil anul\u00f3 las pruebas obtenidas&hellip; <\/p>\n","protected":false},"author":4,"featured_media":86342,"comment_status":"closed","ping_status":"open","sticky":false,"template":"","format":"standard","meta":{"footnotes":""},"categories":[11],"tags":[],"class_list":["post-86341","post","type-post","status-publish","format-standard","has-post-thumbnail","hentry","category-internacionales"],"_links":{"self":[{"href":"https:\/\/corrientesdetarde.com\/index.php\/wp-json\/wp\/v2\/posts\/86341","targetHints":{"allow":["GET"]}}],"collection":[{"href":"https:\/\/corrientesdetarde.com\/index.php\/wp-json\/wp\/v2\/posts"}],"about":[{"href":"https:\/\/corrientesdetarde.com\/index.php\/wp-json\/wp\/v2\/types\/post"}],"author":[{"embeddable":true,"href":"https:\/\/corrientesdetarde.com\/index.php\/wp-json\/wp\/v2\/users\/4"}],"replies":[{"embeddable":true,"href":"https:\/\/corrientesdetarde.com\/index.php\/wp-json\/wp\/v2\/comments?post=86341"}],"version-history":[{"count":1,"href":"https:\/\/corrientesdetarde.com\/index.php\/wp-json\/wp\/v2\/posts\/86341\/revisions"}],"predecessor-version":[{"id":86343,"href":"https:\/\/corrientesdetarde.com\/index.php\/wp-json\/wp\/v2\/posts\/86341\/revisions\/86343"}],"wp:featuredmedia":[{"embeddable":true,"href":"https:\/\/corrientesdetarde.com\/index.php\/wp-json\/wp\/v2\/media\/86342"}],"wp:attachment":[{"href":"https:\/\/corrientesdetarde.com\/index.php\/wp-json\/wp\/v2\/media?parent=86341"}],"wp:term":[{"taxonomy":"category","embeddable":true,"href":"https:\/\/corrientesdetarde.com\/index.php\/wp-json\/wp\/v2\/categories?post=86341"},{"taxonomy":"post_tag","embeddable":true,"href":"https:\/\/corrientesdetarde.com\/index.php\/wp-json\/wp\/v2\/tags?post=86341"}],"curies":[{"name":"wp","href":"https:\/\/api.w.org\/{rel}","templated":true}]}}