{"id":86344,"date":"2023-09-07T23:08:44","date_gmt":"2023-09-08T02:08:44","guid":{"rendered":"https:\/\/corrientesdetarde.com\/?p=86344"},"modified":"2023-09-07T23:14:54","modified_gmt":"2023-09-08T02:14:54","slug":"captaron-un-nuevo-cachorro-de-yaguarete-en-los-esteros-del-ibera","status":"publish","type":"post","link":"https:\/\/corrientesdetarde.com\/index.php\/actualidad\/captaron-un-nuevo-cachorro-de-yaguarete-en-los-esteros-del-ibera\/","title":{"rendered":"se capto a un nuevo cachorro de yaguaret\u00e9 en los Esteros del Iber\u00e1"},"content":{"rendered":"\n<p>Con este nuevo registro logrado merced a las c\u00e1maras trampa en el N\u00facleo San Alonso, ya son 17 los felinos contabilizados desde 2021 dentro de este Parque Nacional.<\/p>\n\n\n\n<p>El Parque Nacional de los Esteros del Iber\u00e1, en Corrientes, ya cuenta con su yaguaret\u00e9 n\u00famero 17. As\u00ed lo confirm\u00f3 la filmaci\u00f3n donde se puede ver al nuevo cachorro mediante c\u00e1maras trampa. Nueve de estos&nbsp; felinos fueron concebidos y nacidos en completa libertad en este gran humedal correntino.<\/p>\n\n\n\n<p>&nbsp;<br>Vale resaltar, que este nuevo cachorro de yaguaret\u00e9 fue registrado y filmado junto a su madre en el N\u00facleo San Alonso, en los Esteros del Iber\u00e1. All\u00ed, trabaja un equipo del Proyecto Reintroducci\u00f3n de especies de Rewilding Argentina.&nbsp;<\/p>\n\n\n\n<p><br>El yaguaret\u00e9 est\u00e1 volviendo al Iber\u00e1. Su retorno significa tambi\u00e9n el regreso de interacciones ecol\u00f3gicas perdidas, la recuperaci\u00f3n de un ambiente saludable y m\u00e1s prosperidad para las comunidades locales, que se benefician con su presencia.<\/p>\n\n\n\n<p>&nbsp;<br>En poco m\u00e1s de dos a\u00f1os, Corrientes pas\u00f3 de no tener yaguaret\u00e9s a ser una de las provincias argentinas con la mayor poblaci\u00f3n de estos felinos.<\/p>\n\n\n\n<p>&nbsp;<br><strong>En agosto pasado ya eran 16 los yaguaret\u00e9s en el Iber\u00e1&nbsp;<\/strong><\/p>\n\n\n\n<p><br>Vale recordar, que hace muy poco -en agosto pasado-, la Fundaci\u00f3n Rewilding Argentina dio a conocer el avistaje de nuevos ejemplares de yaguaret\u00e9 en los Esteros del Iber\u00e1, con lo cual en ese momento ya suman 16 los felinos libres en esa regi\u00f3n de Corrientes.<\/p>\n\n\n\n<p>&#8220;En las \u00faltimas horas, se visualizaron registros de nuevos cachorros de yaguaret\u00e9s en monitoreos de c\u00e1maras trampas, donde se observa que al menos son 16 los que habitan en Corrientes, donde hace dos a\u00f1os y medio no se registraban&#8221;, informaron muy contentos la Fundaci\u00f3n Rewilding Argentina.<\/p>\n\n\n\n<p>Vale recodar, que los primeros yaguaret\u00e9s fueran liberados en el Parque Iber\u00e1 en enero de 2021 tras 70 a\u00f1os de extinci\u00f3n en la zona y, desde entonces, la poblaci\u00f3n no ha parado de crecer. Ahora, con este ultimo visualizado ya suman 17.<\/p>\n","protected":false},"excerpt":{"rendered":"<p>Con este nuevo registro logrado merced a las c\u00e1maras trampa en el N\u00facleo San Alonso, ya son 17 los felinos contabilizados desde 2021 dentro de este Parque Nacional. El Parque&hellip; <\/p>\n","protected":false},"author":4,"featured_media":86345,"comment_status":"closed","ping_status":"open","sticky":false,"template":"","format":"standard","meta":{"footnotes":""},"categories":[23],"tags":[],"class_list":["post-86344","post","type-post","status-publish","format-standard","has-post-thumbnail","hentry","category-actualidad"],"_links":{"self":[{"href":"https:\/\/corrientesdetarde.com\/index.php\/wp-json\/wp\/v2\/posts\/86344","targetHints":{"allow":["GET"]}}],"collection":[{"href":"https:\/\/corrientesdetarde.com\/index.php\/wp-json\/wp\/v2\/posts"}],"about":[{"href":"https:\/\/corrientesdetarde.com\/index.php\/wp-json\/wp\/v2\/types\/post"}],"author":[{"embeddable":true,"href":"https:\/\/corrientesdetarde.com\/index.php\/wp-json\/wp\/v2\/users\/4"}],"replies":[{"embeddable":true,"href":"https:\/\/corrientesdetarde.com\/index.php\/wp-json\/wp\/v2\/comments?post=86344"}],"version-history":[{"count":3,"href":"https:\/\/corrientesdetarde.com\/index.php\/wp-json\/wp\/v2\/posts\/86344\/revisions"}],"predecessor-version":[{"id":86348,"href":"https:\/\/corrientesdetarde.com\/index.php\/wp-json\/wp\/v2\/posts\/86344\/revisions\/86348"}],"wp:featuredmedia":[{"embeddable":true,"href":"https:\/\/corrientesdetarde.com\/index.php\/wp-json\/wp\/v2\/media\/86345"}],"wp:attachment":[{"href":"https:\/\/corrientesdetarde.com\/index.php\/wp-json\/wp\/v2\/media?parent=86344"}],"wp:term":[{"taxonomy":"category","embeddable":true,"href":"https:\/\/corrientesdetarde.com\/index.php\/wp-json\/wp\/v2\/categories?post=86344"},{"taxonomy":"post_tag","embeddable":true,"href":"https:\/\/corrientesdetarde.com\/index.php\/wp-json\/wp\/v2\/tags?post=86344"}],"curies":[{"name":"wp","href":"https:\/\/api.w.org\/{rel}","templated":true}]}}