{"id":86349,"date":"2023-09-07T23:23:35","date_gmt":"2023-09-08T02:23:35","guid":{"rendered":"https:\/\/corrientesdetarde.com\/?p=86349"},"modified":"2023-09-07T23:23:47","modified_gmt":"2023-09-08T02:23:47","slug":"peru-aguanto-con-un-hombre-menos-y-saco-un-puntazo-ante-paraguay","status":"publish","type":"post","link":"https:\/\/corrientesdetarde.com\/index.php\/deportes\/peru-aguanto-con-un-hombre-menos-y-saco-un-puntazo-ante-paraguay\/","title":{"rendered":"Per\u00fa aguant\u00f3 con un hombre menos y sac\u00f3 un puntazo ante Paraguay"},"content":{"rendered":"\n<p>Terminaron 0 a 0 en Ciudad del Este. El equipo peruano sufri\u00f3 la expulsi\u00f3n de Luis Adv\u00edncula sobre el final del primer tiempo.<\/p>\n\n\n\n<p><strong>Paraguay<\/strong>&nbsp;no pudo aprovechar la local\u00eda y&nbsp;<strong>empat\u00f3 0 a 0&nbsp;<\/strong>ante<strong>&nbsp;Per\u00fa<\/strong>, que jug\u00f3 todo el segundo tiempo con un hombre menos, en el partido correspondiente a la primera fecha de las Eliminatorias Sudamericanas, jugado esta noche en Ciudad del Este.<\/p>\n\n\n\n<p>Con este resultado, ambas selecciones sumaron su primer punto que las posiciona por el momento en el segundo puesto de bajo de Colombia con 3 puntos.<\/p>\n\n\n\n<p>En un entretenido primer tiempo,&nbsp;<strong>el combinado dirigido por Juan Reynoso que iniciaron una nueva etapa desde la salida de Ricardo Gareca de la direcci\u00f3n t\u00e9cnica, arranc\u00f3 presionando el campo guaran\u00ed<\/strong>&nbsp;y tuvo la primera clara con una combinaci\u00f3n entre Paolo Guerrero y Christofer Gonz\u00e1les, pero la defensa de Paraguay rechaz\u00f3 el tiro de esquina.<\/p>\n\n\n\n<p>El equipo dirigido por Guillermo Barros Schellotto, que sue\u00f1a con volver a jugar un Mundial, despert\u00f3 y lleg\u00f3 con Ramon Sosa, quien intent\u00f3 rematar dentro y apareci\u00f3 Yoshimar Yot\u00fan para bloquear el remate peligroso.<\/p>\n\n\n\n<figure class=\"wp-block-embed is-type-rich is-provider-twitter wp-block-embed-twitter\"><div class=\"wp-block-embed__wrapper\">\n<blockquote class=\"twitter-tweet\" data-width=\"550\" data-dnt=\"true\"><p lang=\"es\" dir=\"ltr\">PER\u00da&#8230; \u00a1AGUANT\u00d3! Con uno menos por m\u00e1s de 45&#39;, no pate\u00f3 al arco ante Paraguay en su estreno en las <a href=\"https:\/\/twitter.com\/hashtag\/EliminatoriasSudamericanas?src=hash&amp;ref_src=twsrc%5Etfw\">#EliminatoriasSudamericanas<\/a> y se llev\u00f3 un punto de oro de Ciudad del Este. <a href=\"https:\/\/t.co\/8tARrhEaZe\">pic.twitter.com\/8tARrhEaZe<\/a><\/p>&mdash; SportsCenter (@SC_ESPN) <a href=\"https:\/\/twitter.com\/SC_ESPN\/status\/1699943522885922879?ref_src=twsrc%5Etfw\">September 8, 2023<\/a><\/blockquote><script async src=\"https:\/\/platform.twitter.com\/widgets.js\" charset=\"utf-8\"><\/script>\n<\/div><\/figure>\n\n\n\n<p>Sobre el final,<strong>&nbsp;Per\u00fa se qued\u00f3 con diez hombres por la expulsi\u00f3n de Luis Adv\u00edncula por doble amonestaci\u00f3n,<\/strong>&nbsp;por una falta contra Ram\u00f3n Sosa. El rival aprovech\u00f3 y casi abri\u00f3 el marcador, pero el palo le dijo no al conjunto guaran\u00ed, tras un tiro libre de Diego G\u00f3mez.<\/p>\n\n\n\n<p>En el complemento<strong>, el arquero peruano Pedro Gallese tom\u00f3 protagonismo tras dos atajadas<\/strong>, una a Miguel Almir\u00f3n y otra a Fabi\u00e1n Balbuena, impidiendo ganar ventaja a la Albirroja.<\/p>\n\n\n\n<p>Con un jugador menos, Per\u00fa mostr\u00f3 otro nivel de juega y pudo controlar las llegadas de su rival, y antes de finalizar el encuentro tuvo varias ocasiones claras, una de Paolo Guerrero que estrell\u00f3 la pelota en el travesa\u00f1o del arco de Paraguay y se sell\u00f3 el empate en el Estadio Antonio Aranda de Ciudad del Este.<\/p>\n\n\n\n<figure class=\"wp-block-embed is-type-video is-provider-youtube wp-block-embed-youtube wp-embed-aspect-16-9 wp-has-aspect-ratio\"><div class=\"wp-block-embed__wrapper\">\n<iframe loading=\"lazy\" title=\"#PARAGUAY y #PERU empataron con los palos como protagonistas | Paraguay 0-0 Per\u00fa | Resumen\" width=\"1110\" height=\"624\" src=\"https:\/\/www.youtube.com\/embed\/Nw898qJYCak?feature=oembed\" frameborder=\"0\" allow=\"accelerometer; autoplay; clipboard-write; encrypted-media; gyroscope; picture-in-picture; web-share\" allowfullscreen><\/iframe>\n<\/div><\/figure>\n\n\n\n<p>Por la segunda jornada,<strong>\u00a0Paraguay enfrentar\u00e1 a Venezuela, mientras que Per\u00fa recibir\u00e1 a Brasil.<\/strong><\/p>\n","protected":false},"excerpt":{"rendered":"<p>Terminaron 0 a 0 en Ciudad del Este. El equipo peruano sufri\u00f3 la expulsi\u00f3n de Luis Adv\u00edncula sobre el final del primer tiempo. Paraguay&nbsp;no pudo aprovechar la local\u00eda y&nbsp;empat\u00f3 0&hellip; <\/p>\n","protected":false},"author":4,"featured_media":86350,"comment_status":"closed","ping_status":"open","sticky":false,"template":"","format":"standard","meta":{"footnotes":""},"categories":[4],"tags":[],"class_list":["post-86349","post","type-post","status-publish","format-standard","has-post-thumbnail","hentry","category-deportes"],"_links":{"self":[{"href":"https:\/\/corrientesdetarde.com\/index.php\/wp-json\/wp\/v2\/posts\/86349","targetHints":{"allow":["GET"]}}],"collection":[{"href":"https:\/\/corrientesdetarde.com\/index.php\/wp-json\/wp\/v2\/posts"}],"about":[{"href":"https:\/\/corrientesdetarde.com\/index.php\/wp-json\/wp\/v2\/types\/post"}],"author":[{"embeddable":true,"href":"https:\/\/corrientesdetarde.com\/index.php\/wp-json\/wp\/v2\/users\/4"}],"replies":[{"embeddable":true,"href":"https:\/\/corrientesdetarde.com\/index.php\/wp-json\/wp\/v2\/comments?post=86349"}],"version-history":[{"count":1,"href":"https:\/\/corrientesdetarde.com\/index.php\/wp-json\/wp\/v2\/posts\/86349\/revisions"}],"predecessor-version":[{"id":86351,"href":"https:\/\/corrientesdetarde.com\/index.php\/wp-json\/wp\/v2\/posts\/86349\/revisions\/86351"}],"wp:featuredmedia":[{"embeddable":true,"href":"https:\/\/corrientesdetarde.com\/index.php\/wp-json\/wp\/v2\/media\/86350"}],"wp:attachment":[{"href":"https:\/\/corrientesdetarde.com\/index.php\/wp-json\/wp\/v2\/media?parent=86349"}],"wp:term":[{"taxonomy":"category","embeddable":true,"href":"https:\/\/corrientesdetarde.com\/index.php\/wp-json\/wp\/v2\/categories?post=86349"},{"taxonomy":"post_tag","embeddable":true,"href":"https:\/\/corrientesdetarde.com\/index.php\/wp-json\/wp\/v2\/tags?post=86349"}],"curies":[{"name":"wp","href":"https:\/\/api.w.org\/{rel}","templated":true}]}}