{"id":86355,"date":"2023-09-07T23:37:11","date_gmt":"2023-09-08T02:37:11","guid":{"rendered":"https:\/\/corrientesdetarde.com\/?p=86355"},"modified":"2023-09-07T23:37:16","modified_gmt":"2023-09-08T02:37:16","slug":"natalie-perez-hablo-de-las-presiones-esteticas-en-los-medios","status":"publish","type":"post","link":"https:\/\/corrientesdetarde.com\/index.php\/espectaculos\/natalie-perez-hablo-de-las-presiones-esteticas-en-los-medios\/","title":{"rendered":"Natalie P\u00e9rez habl\u00f3 de las presiones est\u00e9ticas en los medios"},"content":{"rendered":"\n<p>La actriz opin\u00f3 de las consecuencias que las cirug\u00edas provocan en las famosas, luego de la muerte de Silvina Luna.<\/p>\n\n\n\n<p><strong>Natalie P\u00e9rez<\/strong>\u00a0acudi\u00f3 como invitada a\u00a0<em>Noche al Dente<\/em>\u00a0y reflexion\u00f3 sobre las presiones est\u00e9ticas en los medios.\u00a0&#8220;A partir de lo de Silvina Luna est\u00e1 muy en agenda este repensar esta presi\u00f3n que la sociedad ejerce sobre todo sobre las mujeres y con este molde en el que hay que encajar. \u00bfVos c\u00f3mo te llev\u00e1s con eso?&#8221;, le pregunt\u00f3 el conductor.<\/p>\n\n\n\n<figure class=\"wp-block-embed is-type-video is-provider-youtube wp-block-embed-youtube wp-embed-aspect-16-9 wp-has-aspect-ratio\"><div class=\"wp-block-embed__wrapper\">\n<iframe loading=\"lazy\" title=\"NATALIE P\u00c9REZ y los ESTEREOTIPOS DE BELLEZA: &quot;Me gusta mostrarme como soy&quot;\" width=\"1110\" height=\"624\" src=\"https:\/\/www.youtube.com\/embed\/g9MjG4qfsWY?feature=oembed\" frameborder=\"0\" allow=\"accelerometer; autoplay; clipboard-write; encrypted-media; gyroscope; picture-in-picture; web-share\" allowfullscreen><\/iframe>\n<\/div><\/figure>\n\n\n\n<p>&#8220;Bueno,&nbsp;<strong>siempre tuve que lidiar con esta situaci\u00f3n.<\/strong>&nbsp;Tambi\u00e9n tengo una buena personalidad que hace que intente que no me importen tanto las cosas. Pero bueno, obviamente, hoy cuando me puse una musculosa dije: &#8216;Ay, se me van a ver los brazos&#8217;. O el rollito este que no me gusta. Mi mam\u00e1 me dice: &#8216;Todas las mujeres tienen el rollito este de ac\u00e1&#8217;. Es lo m\u00e1s normal. Un poco es eso&#8221;, respondi\u00f3 la actriz.<\/p>\n\n\n\n<p><strong>&#8220;Para m\u00ed la perfecci\u00f3n no existe y siempre pienso que la belleza es de verdad la personalidad, la energ\u00eda, los valores<\/strong>. Uno puede ser re hegem\u00f3nico y re hermoso. Y ser un feo de personalidad.&nbsp;Siempre trat\u00e9 de obviar esas cosas. A veces s\u00ed pienso: &#8216;Uy, voy a mostrar la panza.&nbsp;<strong>Yo nunca muestro la panza. Me incomoda&#8217;<\/strong>. Los rollitos, la papada y uno despu\u00e9s dice &#8216;bueno, ya est\u00e1&#8217;.<strong>&nbsp;Esto es lo que soy.<\/strong>&nbsp;Tambi\u00e9n la tele no es la verdad. Las luces te hacen menos arrugas y las fotos de las revistas siempre est\u00e1n retocadas&#8221;, agreg\u00f3.<\/p>\n\n\n\n<p>&#8220;En Instagram siempre usamos filtros. Yo igual siempre trato de mostrarme (natural). No tengo pesta\u00f1as postizas, no me pinto las u\u00f1as&#8230;\u00a0Trato de no hacerme cosas y digo: &#8216;Esto es lo que soy&#8217;. Antes las mujeres viv\u00edan sin necesidad de hacerse tantas cosas est\u00e9ticas&#8221;, concluy\u00f3 Natalie, justo en el d\u00eda en que los familiares y amigos despidieron a Silvina Luna y cientos de personas fueron a marchar a la casa de An\u00edbal Lotocki para reclamar Justicia.<\/p>\n\n\n\n<figure class=\"wp-block-embed is-type-video is-provider-youtube wp-block-embed-youtube wp-embed-aspect-16-9 wp-has-aspect-ratio\"><div class=\"wp-block-embed__wrapper\">\n<iframe loading=\"lazy\" title=\"NATALIE P\u00c9REZ habl\u00f3 de todo con FER DENTE\" width=\"1110\" height=\"624\" src=\"https:\/\/www.youtube.com\/embed\/0cfvmeI-Vxw?feature=oembed\" frameborder=\"0\" allow=\"accelerometer; autoplay; clipboard-write; encrypted-media; gyroscope; picture-in-picture; web-share\" allowfullscreen><\/iframe>\n<\/div><\/figure>\n\n\n\n<p><\/p>\n","protected":false},"excerpt":{"rendered":"<p>La actriz opin\u00f3 de las consecuencias que las cirug\u00edas provocan en las famosas, luego de la muerte de Silvina Luna. Natalie P\u00e9rez\u00a0acudi\u00f3 como invitada a\u00a0Noche al Dente\u00a0y reflexion\u00f3 sobre las&hellip; <\/p>\n","protected":false},"author":4,"featured_media":86356,"comment_status":"closed","ping_status":"open","sticky":false,"template":"","format":"standard","meta":{"footnotes":""},"categories":[19],"tags":[],"class_list":["post-86355","post","type-post","status-publish","format-standard","has-post-thumbnail","hentry","category-espectaculos"],"_links":{"self":[{"href":"https:\/\/corrientesdetarde.com\/index.php\/wp-json\/wp\/v2\/posts\/86355","targetHints":{"allow":["GET"]}}],"collection":[{"href":"https:\/\/corrientesdetarde.com\/index.php\/wp-json\/wp\/v2\/posts"}],"about":[{"href":"https:\/\/corrientesdetarde.com\/index.php\/wp-json\/wp\/v2\/types\/post"}],"author":[{"embeddable":true,"href":"https:\/\/corrientesdetarde.com\/index.php\/wp-json\/wp\/v2\/users\/4"}],"replies":[{"embeddable":true,"href":"https:\/\/corrientesdetarde.com\/index.php\/wp-json\/wp\/v2\/comments?post=86355"}],"version-history":[{"count":1,"href":"https:\/\/corrientesdetarde.com\/index.php\/wp-json\/wp\/v2\/posts\/86355\/revisions"}],"predecessor-version":[{"id":86357,"href":"https:\/\/corrientesdetarde.com\/index.php\/wp-json\/wp\/v2\/posts\/86355\/revisions\/86357"}],"wp:featuredmedia":[{"embeddable":true,"href":"https:\/\/corrientesdetarde.com\/index.php\/wp-json\/wp\/v2\/media\/86356"}],"wp:attachment":[{"href":"https:\/\/corrientesdetarde.com\/index.php\/wp-json\/wp\/v2\/media?parent=86355"}],"wp:term":[{"taxonomy":"category","embeddable":true,"href":"https:\/\/corrientesdetarde.com\/index.php\/wp-json\/wp\/v2\/categories?post=86355"},{"taxonomy":"post_tag","embeddable":true,"href":"https:\/\/corrientesdetarde.com\/index.php\/wp-json\/wp\/v2\/tags?post=86355"}],"curies":[{"name":"wp","href":"https:\/\/api.w.org\/{rel}","templated":true}]}}