{"id":86427,"date":"2023-09-08T10:29:18","date_gmt":"2023-09-08T13:29:18","guid":{"rendered":"https:\/\/corrientesdetarde.com\/?p=86427"},"modified":"2023-09-08T10:29:22","modified_gmt":"2023-09-08T13:29:22","slug":"efemerides-del-8-de-septiembre","status":"publish","type":"post","link":"https:\/\/corrientesdetarde.com\/index.php\/informacion-general\/efemerides-del-8-de-septiembre\/","title":{"rendered":"Efem\u00e9rides del 8 de septiembre"},"content":{"rendered":"\n<p>Cada 8 de septiembre se celebran y conmemoran fechas que marcaron un antes y un despu\u00e9s tanto en Argentina como en el mundo.<\/p>\n\n\n\n<p><strong>1938<\/strong>&nbsp;&#8211; AGUST\u00cdN MAGALDI. A los 39 a\u00f1os muere en Buenos Aires el cantante de tangos Agust\u00edn Magaldi, uno de los m\u00e1s populares de la historia del g\u00e9nero, a quien se recuerda por haber apadrinado la carrera art\u00edstica de Mar\u00eda Eva Duarte.<\/p>\n\n\n\n<p><strong>1966<\/strong>&nbsp;&#8211; STAR TREK. La cadena estadounidense de televisi\u00f3n NBC emite el primer episodio de la serie Star Trek, que se convertir\u00eda en una de las m\u00e1s populares del siglo XX y en cl\u00e1sico de la ciencia ficci\u00f3n llevado al cine. La saga contin\u00faa hoy con nuevas series, filmes y juegos de video sobre los avatares de la Federaci\u00f3n de Planetas Unidos.<\/p>\n\n\n\n<p><strong>1978<\/strong>&nbsp;&#8211; TORRE NILSSON. A la edad de 54 a\u00f1os muere en Buenos Aires el guionista, realizador y productor cinematogr\u00e1fico Leopoldo Torre Nilsson, uno de los m\u00e1s representativos del cine argentino. Film\u00f3 m\u00e1s de 30 pel\u00edculas, entre ellas las celebradas Un guapo del 900, El santo de la espada y Boquitas pintadas.<\/p>\n\n\n\n<p><strong>1990<\/strong>&nbsp;&#8211; MAR\u00cdA S. MORALES. La estudiante Mar\u00eda Soledad Morales, de 17 a\u00f1os, es asesinada en la ciudad de San Fernando del Valle de Catamarca, crimen que caus\u00f3 un fuerte impacto en la opini\u00f3n p\u00fablica de todo el pa\u00eds. En 1998, por el femicidio fue condenado su novio, Luis Tula, a nueve a\u00f1os de prisi\u00f3n, mientras que Guillermo Luque, hijo del diputado \u00c1ngel Luque, recibi\u00f3 una pena de 21 a\u00f1os.<\/p>\n\n\n\n<p><strong>1990<\/strong>&nbsp;&#8211; GABRIELA SABATINI. La tenista argentina Gabriela Sabatini gana el Abierto de Estados Unidos 1990 al vencer a la alemana Steffi Graf, por entonces n\u00famero uno del mundo. \u201cGaby\u201d Sabatini es la \u00fanica tenista argentina ganadora del Abierto de Estados Unidos.<\/p>\n\n\n\n<p><strong>1998<\/strong>&nbsp;&#8211; MARCELO BIELSA. El entrenador Marcelo Bielsa asume la direcci\u00f3n de la selecci\u00f3n argentina en reemplazo de Daniel Passarella. Bielsa dirigi\u00f3 85 partidos con una marca de 56 triunfos,18 empates y 11 derrotas. En febrero de 1999, dirigi\u00f3 su primer partido con victoria argentina ante Venezuela por 2-0 con goles de Walter Samuel y Marcelo Gallardo.<\/p>\n\n\n\n<p><strong>2002<\/strong>&nbsp;&#8211; WALTER OLMOS. A los 20 a\u00f1os de edad muere de un disparo en la cabeza el cantante de cuarteto Walter Olmos en un confuso episodio ocurrido en Buenos Aires, cuando festejaba con familiares y amigos su \u00faltimo concierto. Olmos era considerado una de las promesas del cuarteto tras el fallecimiento del popular Rodrigo Bueno<\/p>\n\n\n\n<p><strong>2019<\/strong>&nbsp;&#8211; CAMILO SESTO. Muere en Madrid, a la edad de 72 a\u00f1os, el cantante y compositor espa\u00f1ol Camilo Sesto (Camilo Blanes Cort\u00e9s), una de las voces m\u00e1s representativas de la balada rom\u00e1ntica y la m\u00fasica pop de Espa\u00f1a. Fue adem\u00e1s muy popular en varios pa\u00edses de Am\u00e9rica Latina. Vendi\u00f3 m\u00e1s de 70 millones de discos.<\/p>\n\n\n\n<p><strong>2023<\/strong>&nbsp;&#8211; D\u00cdA DE LA ALFABETIZACI\u00d3N. Se celebra el D\u00eda Internacional de la Alfabetizaci\u00f3n, instituido en 1966 por la Organizaci\u00f3n de las Naciones Unidas para la Educaci\u00f3n, la Ciencia y la Cultura (UNESCO) para promover el derecho a la educaci\u00f3n y afrontar los desaf\u00edos en la lucha contra el analfabetismo.<\/p>\n\n\n\n<p><strong>2023<\/strong>&nbsp;&#8211; D\u00cdA DEL AGRICULTOR. Se celebra el D\u00eda Nacional del Agricultor en conmemoraci\u00f3n de la fecha de fundaci\u00f3n de Esperanza, la primera colonia agr\u00edcola de la Argentina, situada a 38 kil\u00f3metros de la ciudad de Santa Fe.<\/p>\n\n\n\n<p><strong>2023<\/strong>&nbsp;&#8211; D\u00cdA DEL PERIODISTA. Se celebra el D\u00eda Internacional del Periodista en homenaje al periodista checo Julius Fucik, ejecutado por el r\u00e9gimen nazi en Berl\u00edn el 8 de septiembre de 1943.<\/p>\n","protected":false},"excerpt":{"rendered":"<p>Cada 8 de septiembre se celebran y conmemoran fechas que marcaron un antes y un despu\u00e9s tanto en Argentina como en el mundo. 1938&nbsp;&#8211; AGUST\u00cdN MAGALDI. A los 39 a\u00f1os&hellip; <\/p>\n","protected":false},"author":1,"featured_media":86440,"comment_status":"closed","ping_status":"open","sticky":false,"template":"","format":"standard","meta":{"footnotes":""},"categories":[1],"tags":[],"class_list":["post-86427","post","type-post","status-publish","format-standard","has-post-thumbnail","hentry","category-informacion-general"],"_links":{"self":[{"href":"https:\/\/corrientesdetarde.com\/index.php\/wp-json\/wp\/v2\/posts\/86427","targetHints":{"allow":["GET"]}}],"collection":[{"href":"https:\/\/corrientesdetarde.com\/index.php\/wp-json\/wp\/v2\/posts"}],"about":[{"href":"https:\/\/corrientesdetarde.com\/index.php\/wp-json\/wp\/v2\/types\/post"}],"author":[{"embeddable":true,"href":"https:\/\/corrientesdetarde.com\/index.php\/wp-json\/wp\/v2\/users\/1"}],"replies":[{"embeddable":true,"href":"https:\/\/corrientesdetarde.com\/index.php\/wp-json\/wp\/v2\/comments?post=86427"}],"version-history":[{"count":1,"href":"https:\/\/corrientesdetarde.com\/index.php\/wp-json\/wp\/v2\/posts\/86427\/revisions"}],"predecessor-version":[{"id":86441,"href":"https:\/\/corrientesdetarde.com\/index.php\/wp-json\/wp\/v2\/posts\/86427\/revisions\/86441"}],"wp:featuredmedia":[{"embeddable":true,"href":"https:\/\/corrientesdetarde.com\/index.php\/wp-json\/wp\/v2\/media\/86440"}],"wp:attachment":[{"href":"https:\/\/corrientesdetarde.com\/index.php\/wp-json\/wp\/v2\/media?parent=86427"}],"wp:term":[{"taxonomy":"category","embeddable":true,"href":"https:\/\/corrientesdetarde.com\/index.php\/wp-json\/wp\/v2\/categories?post=86427"},{"taxonomy":"post_tag","embeddable":true,"href":"https:\/\/corrientesdetarde.com\/index.php\/wp-json\/wp\/v2\/tags?post=86427"}],"curies":[{"name":"wp","href":"https:\/\/api.w.org\/{rel}","templated":true}]}}