{"id":86439,"date":"2023-09-08T10:53:47","date_gmt":"2023-09-08T13:53:47","guid":{"rendered":"https:\/\/corrientesdetarde.com\/?p=86439"},"modified":"2023-09-08T10:53:51","modified_gmt":"2023-09-08T13:53:51","slug":"el-telco-conf-2023-continua-aportando-herramientas-para-la-democratizacion-de-la-tecnologia","status":"publish","type":"post","link":"https:\/\/corrientesdetarde.com\/index.php\/eventos\/el-telco-conf-2023-continua-aportando-herramientas-para-la-democratizacion-de-la-tecnologia\/","title":{"rendered":"El \u201cTelco Conf 2023\u201d contin\u00faa aportando herramientas para la democratizaci\u00f3n de la tecnolog\u00eda"},"content":{"rendered":"\n<p>Con el fin de seguir brindando recursos para la innovaci\u00f3n tecnol\u00f3gica, contin\u00faa desarroll\u00e1ndose el ciclo de conferencias denominado \u201cTelCo Conf 2023\u201d, en su segunda jornada. El evento se lleva adelante en el auditorio \u201cJuli\u00e1n Zini\u201d del Centro Administrativo de Capital desde este jueves, y tendr\u00e1 su ep\u00edlogo en la fecha, pasadas las 14. En la oportunidad, los especialistas disertar\u00e1n sobre \u201cAcceso a GenAI\u201d, \u201c\u00bfQu\u00e9 hace un Staff+ Engineer?\u201d, \u201cActividad Criminal en las nuevas tecnolog\u00edas\u201d y \u201cDevOps, ChatGPT y el poder de la IA\u201d, entre otros temas.<\/p>\n\n\n\n<figure class=\"wp-block-image size-large\"><img loading=\"lazy\" decoding=\"async\" width=\"1024\" height=\"682\" src=\"https:\/\/corrientesdetarde.com\/wp-content\/uploads\/2023\/09\/image-186-1024x682.png\" alt=\"\" class=\"wp-image-86443\" srcset=\"https:\/\/corrientesdetarde.com\/wp-content\/uploads\/2023\/09\/image-186-1024x682.png 1024w, https:\/\/corrientesdetarde.com\/wp-content\/uploads\/2023\/09\/image-186-300x200.png 300w, https:\/\/corrientesdetarde.com\/wp-content\/uploads\/2023\/09\/image-186-768x512.png 768w, https:\/\/corrientesdetarde.com\/wp-content\/uploads\/2023\/09\/image-186.png 1280w\" sizes=\"auto, (max-width: 1024px) 100vw, 1024px\" \/><\/figure>\n\n\n\n<p>En este marco, la presentadora y una de las speakers de la conferencia, Stephie Cherni, destac\u00f3 el apoyo del Gobierno provincial para la organizaci\u00f3n del evento, ya que \u201ces fundamental que promueva, apoye y ponga el foco en estas actividades\u201d. \u201cEs importante poder federalizar trayendo un mont\u00f3n de conocimientos para nutrirnos de la experiencia de expertos, speakers de distintos rubros, en temas como Inteligencia Artificial y Blockchain, las an\u00e9cdotas de emprendedores y la posibilidad de poder debatir teniendo un espacio de Networking\u201d, a\u00f1adi\u00f3 la misma.<\/p>\n\n\n\n<p>La comunicadora, oriunda de Buenos Aires, hizo un resumen de lo expuesto hasta ahora por los disertantes, mencionando la participaci\u00f3n de Rafael Costa, \u201cquien a trav\u00e9s de una presentaci\u00f3n inspiradora mostr\u00f3 un mont\u00f3n de ejemplos de c\u00f3mo fue evolucionando la tecnolog\u00eda y como ser\u00e1 en un eventual futuro, haciendo foco en temas como la ansiedad y la soledad\u201d. \u201cFacundo Caj\u00e9n, por su parte, nos habl\u00f3 sobre las utilidades de la IA para la transparencia y finanzas regenerativas; y hoy, Facundo Duarte, nos habla sobre utilidades de Blockchain e Inteligencia Artificial, desde donde\u00a0 a veces, pensamos que todos los problemas se van a solucionar, y las cosas son m\u00e1s complejas\u201d, resumi\u00f3 la disertante.<\/p>\n\n\n\n<figure class=\"wp-block-image size-large\"><img loading=\"lazy\" decoding=\"async\" width=\"1024\" height=\"682\" src=\"https:\/\/corrientesdetarde.com\/wp-content\/uploads\/2023\/09\/image-187-1024x682.png\" alt=\"\" class=\"wp-image-86444\" srcset=\"https:\/\/corrientesdetarde.com\/wp-content\/uploads\/2023\/09\/image-187-1024x682.png 1024w, https:\/\/corrientesdetarde.com\/wp-content\/uploads\/2023\/09\/image-187-300x200.png 300w, https:\/\/corrientesdetarde.com\/wp-content\/uploads\/2023\/09\/image-187-768x512.png 768w, https:\/\/corrientesdetarde.com\/wp-content\/uploads\/2023\/09\/image-187.png 1280w\" sizes=\"auto, (max-width: 1024px) 100vw, 1024px\" \/><\/figure>\n\n\n\n<p>En otro orden de temas, Cherni inst\u00f3 a los j\u00f3venes correntinos a que \u201cinvestiguen sobre distintos temas, ya que tenemos todas las herramientas para poder desarrollarnos. Sean curiosos, y consulten a los speakers, ya que ahora estamos m\u00e1s conectados de nunca\u201d.<\/p>\n\n\n\n<p>Finalmente, la presentadora dio cuenta de la importancia del coeficiente de adaptabilidad en el actual mundo digital, en base a la tem\u00e1tica que presentar\u00e1 en el auditorio, donde expondr\u00e1 sobre el aprovechamiento de las tendencias tecnol\u00f3gicas.<\/p>\n\n\n\n<figure class=\"wp-block-image size-large\"><img loading=\"lazy\" decoding=\"async\" width=\"1024\" height=\"683\" src=\"https:\/\/corrientesdetarde.com\/wp-content\/uploads\/2023\/09\/image-188-1024x683.png\" alt=\"\" class=\"wp-image-86445\" srcset=\"https:\/\/corrientesdetarde.com\/wp-content\/uploads\/2023\/09\/image-188-1024x683.png 1024w, https:\/\/corrientesdetarde.com\/wp-content\/uploads\/2023\/09\/image-188-300x200.png 300w, https:\/\/corrientesdetarde.com\/wp-content\/uploads\/2023\/09\/image-188-768x512.png 768w, https:\/\/corrientesdetarde.com\/wp-content\/uploads\/2023\/09\/image-188-1536x1024.png 1536w, https:\/\/corrientesdetarde.com\/wp-content\/uploads\/2023\/09\/image-188.png 1599w\" sizes=\"auto, (max-width: 1024px) 100vw, 1024px\" \/><\/figure>\n\n\n\n<p><strong>Presencias<\/strong><\/p>\n\n\n\n<p><strong>Estuvieron presentes los ministros de: Seguridad, Buenaventura Duarte y de Educaci\u00f3n, &nbsp;Pr\u00e1xedes L\u00f3pez; el subsecretario de Infraestructura Escolar, &nbsp;Emilio Breard, y la directora de TelCo, Anita Alegre L\u00f3pez, entre otros.<\/strong><\/p>\n\n\n\n<p><strong>Programa: 8 de septiembre<\/strong><\/p>\n\n\n\n<p><strong>08:30 a 09:00 hs<\/strong><\/p>\n\n\n\n<p>9. Camilo Rodr\u00edguez&nbsp;&nbsp;&nbsp;&nbsp;&nbsp;&nbsp;&nbsp;<\/p>\n\n\n\n<p><strong>09:00 a 09:30 hs<\/strong><\/p>\n\n\n\n<p>10.&nbsp;&nbsp;&nbsp;&nbsp; Alberto Ortega<\/p>\n\n\n\n<p>Democratizando el acceso a GenAI<\/p>\n\n\n\n<p><strong>09:30 a 10:00 hs<\/strong><\/p>\n\n\n\n<p>11.&nbsp;&nbsp;&nbsp;&nbsp; Eduardo Ben\u00edtez<\/p>\n\n\n\n<p>&#8220;Made In Paraguay:<\/p>\n\n\n\n<p>El primer videojuego paraguayo en consolas&#8221;<\/p>\n\n\n\n<p><strong>10:30 COFFEE BREAK<\/strong><\/p>\n\n\n\n<p><strong>10:30 a 11:00 hs<\/strong><\/p>\n\n\n\n<p>12.&nbsp;&nbsp;&nbsp;&nbsp; Pelado Nerd &#8211; Pablo Fredrikson:<\/p>\n\n\n\n<p>\u00bfQu\u00e9 es y qu\u00e9 hace un Staff+ Engineer?<\/p>\n\n\n\n<p><strong>11:00 a 11:30 hs<\/strong><\/p>\n\n\n\n<p>13.&nbsp;&nbsp;&nbsp;&nbsp; Rafael Garc\u00eda Borda<\/p>\n\n\n\n<p>Actividad Criminal en las nuevas tecnolog\u00edas como herramientas para su comisi\u00f3n<\/p>\n\n\n\n<p><strong>12:30 LUNCH BREAK<\/strong><\/p>\n\n\n\n<p><strong>12:30 a 13:00 hs<\/strong><\/p>\n\n\n\n<p>14.&nbsp;&nbsp;&nbsp;&nbsp; Rossana Su\u00e1rez<\/p>\n\n\n\n<p>\u2018DevOps, ChatGPT y el poder de la IA:<\/p>\n\n\n\n<p>Acelera la nueva era DevOps\u2019<\/p>\n\n\n\n<p><strong>13:00 a 13:30 hs<\/strong><\/p>\n\n\n\n<p>15.&nbsp;&nbsp;&nbsp;&nbsp; Facundo Duarte<\/p>\n\n\n\n<p>Tecnolog\u00edas Disruptivas:<\/p>\n\n\n\n<p>Descubriendo el Poder de Blockchain e IA<\/p>\n\n\n\n<p><strong>13:30 a 14:00 hs<\/strong><\/p>\n\n\n\n<p>16.&nbsp;&nbsp;&nbsp;&nbsp; Francisco Mazzarelli &amp; Edgardo Mill<\/p>\n\n\n\n<p>Tokenizacion y democratizaci\u00f3n inmobiliaria<\/p>\n\n\n\n<p><strong>14:00 a 14:30 hs<\/strong><\/p>\n\n\n\n<p>17.&nbsp;&nbsp;&nbsp;&nbsp; Diego Craig<\/p>\n\n\n\n<p>C\u00f3mo usar la IA para ser m\u00e1s creativos<\/p>\n\n\n\n<p>&nbsp;<strong>14:00 CIERRE DEL D\u00cdA&nbsp;<\/strong><\/p>\n\n\n\n<figure class=\"wp-block-image size-large\"><img loading=\"lazy\" decoding=\"async\" width=\"1024\" height=\"682\" src=\"https:\/\/corrientesdetarde.com\/wp-content\/uploads\/2023\/09\/image-185-1024x682.png\" alt=\"\" class=\"wp-image-86442\" srcset=\"https:\/\/corrientesdetarde.com\/wp-content\/uploads\/2023\/09\/image-185-1024x682.png 1024w, https:\/\/corrientesdetarde.com\/wp-content\/uploads\/2023\/09\/image-185-300x200.png 300w, https:\/\/corrientesdetarde.com\/wp-content\/uploads\/2023\/09\/image-185-768x512.png 768w, https:\/\/corrientesdetarde.com\/wp-content\/uploads\/2023\/09\/image-185.png 1280w\" sizes=\"auto, (max-width: 1024px) 100vw, 1024px\" \/><\/figure>\n","protected":false},"excerpt":{"rendered":"<p>Con el fin de seguir brindando recursos para la innovaci\u00f3n tecnol\u00f3gica, contin\u00faa desarroll\u00e1ndose el ciclo de conferencias denominado \u201cTelCo Conf 2023\u201d, en su segunda jornada. El evento se lleva adelante&hellip; <\/p>\n","protected":false},"author":1,"featured_media":86446,"comment_status":"closed","ping_status":"open","sticky":false,"template":"","format":"standard","meta":{"footnotes":""},"categories":[22],"tags":[],"class_list":["post-86439","post","type-post","status-publish","format-standard","has-post-thumbnail","hentry","category-eventos"],"_links":{"self":[{"href":"https:\/\/corrientesdetarde.com\/index.php\/wp-json\/wp\/v2\/posts\/86439","targetHints":{"allow":["GET"]}}],"collection":[{"href":"https:\/\/corrientesdetarde.com\/index.php\/wp-json\/wp\/v2\/posts"}],"about":[{"href":"https:\/\/corrientesdetarde.com\/index.php\/wp-json\/wp\/v2\/types\/post"}],"author":[{"embeddable":true,"href":"https:\/\/corrientesdetarde.com\/index.php\/wp-json\/wp\/v2\/users\/1"}],"replies":[{"embeddable":true,"href":"https:\/\/corrientesdetarde.com\/index.php\/wp-json\/wp\/v2\/comments?post=86439"}],"version-history":[{"count":1,"href":"https:\/\/corrientesdetarde.com\/index.php\/wp-json\/wp\/v2\/posts\/86439\/revisions"}],"predecessor-version":[{"id":86447,"href":"https:\/\/corrientesdetarde.com\/index.php\/wp-json\/wp\/v2\/posts\/86439\/revisions\/86447"}],"wp:featuredmedia":[{"embeddable":true,"href":"https:\/\/corrientesdetarde.com\/index.php\/wp-json\/wp\/v2\/media\/86446"}],"wp:attachment":[{"href":"https:\/\/corrientesdetarde.com\/index.php\/wp-json\/wp\/v2\/media?parent=86439"}],"wp:term":[{"taxonomy":"category","embeddable":true,"href":"https:\/\/corrientesdetarde.com\/index.php\/wp-json\/wp\/v2\/categories?post=86439"},{"taxonomy":"post_tag","embeddable":true,"href":"https:\/\/corrientesdetarde.com\/index.php\/wp-json\/wp\/v2\/tags?post=86439"}],"curies":[{"name":"wp","href":"https:\/\/api.w.org\/{rel}","templated":true}]}}