{"id":86468,"date":"2023-09-08T17:56:02","date_gmt":"2023-09-08T20:56:02","guid":{"rendered":"https:\/\/corrientesdetarde.com\/?p=86468"},"modified":"2023-09-08T17:56:14","modified_gmt":"2023-09-08T20:56:14","slug":"patricia-bullrich-tras-el-fallo-por-la-expropiacion-de-ypf-que-la-guita-la-ponga-el-kirchnerismo","status":"publish","type":"post","link":"https:\/\/corrientesdetarde.com\/index.php\/politica\/patricia-bullrich-tras-el-fallo-por-la-expropiacion-de-ypf-que-la-guita-la-ponga-el-kirchnerismo\/","title":{"rendered":"Patricia Bullrich, tras el fallo por la expropiaci\u00f3n de YPF: &#8220;Que la guita la ponga el kirchnerismo&#8221;"},"content":{"rendered":"\n<p>Patricia Bullrich reaccion\u00f3 por Twitter al fallo de la Corte de Nueva York que le ordena a la Argentina pagar US$16.000 millones por la expropiaci\u00f3n de YPF.&nbsp;<strong>&#8220;Que la guita la ponga el kirchnerismo&#8221;<\/strong>, lanz\u00f3.<\/p>\n\n\n\n<p>La candidata a presidenta de Juntos por el Cambio apunt\u00f3 directamente a Cristina Kirchner y Axel Kicillof, ya que la estatizaci\u00f3n se hizo en 2012, bajo el gobierno kirchnerista.<\/p>\n\n\n\n<figure class=\"wp-block-embed is-type-rich is-provider-twitter wp-block-embed-twitter\"><div class=\"wp-block-embed__wrapper\">\n<blockquote class=\"twitter-tweet\" data-width=\"550\" data-dnt=\"true\"><p lang=\"es\" dir=\"ltr\">QUE LA GUITA LA PONGA EL KIRCHNERISMO<br>\u00a1Qu\u00e9 caro nos cuestan los K a los argentinos! Siempre me opuse a la barbaridad de una expropiaci\u00f3n sin cumplir con la Constituci\u00f3n. Ahora que la paguen de su bolsillo.<br><br>El 10 de diciembre terminamos con el kirchnerismo para siempre. <a href=\"https:\/\/t.co\/VSJFOESfyp\">pic.twitter.com\/VSJFOESfyp<\/a><\/p>&mdash; Patricia Bullrich (@PatoBullrich) <a href=\"https:\/\/twitter.com\/PatoBullrich\/status\/1700188417819029655?ref_src=twsrc%5Etfw\">September 8, 2023<\/a><\/blockquote><script async src=\"https:\/\/platform.twitter.com\/widgets.js\" charset=\"utf-8\"><\/script>\n<\/div><\/figure>\n\n\n\n<p><strong>&#8220;\u00a1Qu\u00e9 caro nos cuestan los K a los argentinos! Siempre me opuse a la barbaridad de una expropiaci\u00f3n sin cumplir con la Constituci\u00f3n. Ahora que la paguen de su bolsillo&#8221;<\/strong>&nbsp;, afirm\u00f3.<\/p>\n\n\n\n<p>En la misma l\u00ednea, el referente econ\u00f3mico de Juntos por el Cambio, Luciano Laspina, escribi\u00f3: &#8220;Sali\u00f3 el fallo Repsol-YPF contra la Argentina por la estudiantina setentista de Cristina Kirchner. La mala praxis le costar\u00e1 US$16.000 millones a los argentinos. No puede quedar impune este atroz incumplimiento de los deberes de funcionario p\u00fablico&#8221;.<\/p>\n","protected":false},"excerpt":{"rendered":"<p>Patricia Bullrich reaccion\u00f3 por Twitter al fallo de la Corte de Nueva York que le ordena a la Argentina pagar US$16.000 millones por la expropiaci\u00f3n de YPF.&nbsp;&#8220;Que la guita la&hellip; <\/p>\n","protected":false},"author":1,"featured_media":86480,"comment_status":"closed","ping_status":"open","sticky":false,"template":"","format":"standard","meta":{"footnotes":""},"categories":[3],"tags":[],"class_list":["post-86468","post","type-post","status-publish","format-standard","has-post-thumbnail","hentry","category-politica"],"_links":{"self":[{"href":"https:\/\/corrientesdetarde.com\/index.php\/wp-json\/wp\/v2\/posts\/86468","targetHints":{"allow":["GET"]}}],"collection":[{"href":"https:\/\/corrientesdetarde.com\/index.php\/wp-json\/wp\/v2\/posts"}],"about":[{"href":"https:\/\/corrientesdetarde.com\/index.php\/wp-json\/wp\/v2\/types\/post"}],"author":[{"embeddable":true,"href":"https:\/\/corrientesdetarde.com\/index.php\/wp-json\/wp\/v2\/users\/1"}],"replies":[{"embeddable":true,"href":"https:\/\/corrientesdetarde.com\/index.php\/wp-json\/wp\/v2\/comments?post=86468"}],"version-history":[{"count":1,"href":"https:\/\/corrientesdetarde.com\/index.php\/wp-json\/wp\/v2\/posts\/86468\/revisions"}],"predecessor-version":[{"id":86481,"href":"https:\/\/corrientesdetarde.com\/index.php\/wp-json\/wp\/v2\/posts\/86468\/revisions\/86481"}],"wp:featuredmedia":[{"embeddable":true,"href":"https:\/\/corrientesdetarde.com\/index.php\/wp-json\/wp\/v2\/media\/86480"}],"wp:attachment":[{"href":"https:\/\/corrientesdetarde.com\/index.php\/wp-json\/wp\/v2\/media?parent=86468"}],"wp:term":[{"taxonomy":"category","embeddable":true,"href":"https:\/\/corrientesdetarde.com\/index.php\/wp-json\/wp\/v2\/categories?post=86468"},{"taxonomy":"post_tag","embeddable":true,"href":"https:\/\/corrientesdetarde.com\/index.php\/wp-json\/wp\/v2\/tags?post=86468"}],"curies":[{"name":"wp","href":"https:\/\/api.w.org\/{rel}","templated":true}]}}