{"id":86479,"date":"2023-09-08T17:58:36","date_gmt":"2023-09-08T20:58:36","guid":{"rendered":"https:\/\/corrientesdetarde.com\/?p=86479"},"modified":"2023-09-08T17:58:48","modified_gmt":"2023-09-08T20:58:48","slug":"reconvierten-el-parque-urbano-del-predio-de-la-ex-terminal-ferroviaria-de-corrientes","status":"publish","type":"post","link":"https:\/\/corrientesdetarde.com\/index.php\/informacion-general\/reconvierten-el-parque-urbano-del-predio-de-la-ex-terminal-ferroviaria-de-corrientes\/","title":{"rendered":"Reconvierten el parque urbano del predio de la ex Terminal Ferroviaria de Corrientes"},"content":{"rendered":"\n<p>Estos terrenos, pertenecientes al Gobierno provincial, tienen un per\u00edmetro aproximado de 1.200 metros y se encuentran delimitados al norte por la calle Reconquista, al este por calle Ex V\u00eda, al sur por calle Nicaragua y al oeste por Av. Maip\u00fa. y el edificio de la Terminal.<\/p>\n\n\n\n<p>En dicho predio, &nbsp;el Ministerio de Obras y Servicios P\u00fablicos, a trav\u00e9s de su Unidad Ejecutora, &nbsp;trabaja en la ejecuci\u00f3n de senderos peatonales, un circuito de running, una estaci\u00f3n saludable, \u00e1reas de juegos infantiles, sectores de estar urbano, al tiempo que mejora la accesibilidad as\u00ed como la iluminaci\u00f3n peatonal, previendo tambi\u00e9n una importante parquizaci\u00f3n vegetal.<\/p>\n\n\n\n<p>Cabe destacar que todas estas obras &nbsp;son emprendidas siguiendo las premisas de ahorro energ\u00e9tico, sustentabilidad, preservaci\u00f3n del patrimonio hist\u00f3rico del ex Ferrocarril, conectividad con el resto de la ciudad y la generaci\u00f3n de un espacio verde y de esparcimiento p\u00fablico.<\/p>\n\n\n\n<figure class=\"wp-block-image\"><img decoding=\"async\" src=\"https:\/\/www.diarioepoca.com\/content\/bucket\/9\/1318479w762h510c.jpg.webp\" alt=\"\"\/><\/figure>\n\n\n\n<p>Iluminaci\u00f3n<\/p>\n\n\n\n<p>A efectos de garantizar una adecuada iluminaci\u00f3n , en el &nbsp;sector se &nbsp;instalar\u00e1n 56 columnas met\u00e1licas de 9 metros de altura y 115 columnas met\u00e1licas de 4 metros de altura, las que estar\u00e1n separadas entre s\u00ed a una distancia aproximada de 20 metros.<\/p>\n\n\n\n<p>Todas estas columnas estar\u00e1n provistas de luminarias adecuadas &nbsp;a m\u00f3dulos y fuentes de LED, siendo las potencias de las luminarias a colocar &nbsp;de 125 watt en las m\u00e1s altas y de 60 watt en las columnas de iluminaci\u00f3n de senderos. La red de distribuci\u00f3n de energ\u00eda ser\u00e1 subterr\u00e1nea.<\/p>\n\n\n\n<p>Senderos<\/p>\n\n\n\n<p>Se construir\u00e1n 1.650 m2 de vereda perimetral, adem\u00e1s de 1.770m2 de senderos peatonales, todos de hormig\u00f3n armado y se ejecutar\u00e1n 800 m2 de carpeta asf\u00e1ltica en fr\u00edo sobre terreno conformado y compactado manualmente.<\/p>\n\n\n\n<p>El predio contar\u00e1 con un sector de Plaza Para Ni\u00f1os en donde se instalar\u00e1n diversos juegos como, por ejemplo: pir\u00e1mide o prisma para trepar de ca\u00f1o estructural y mallas resistentes, semiesferas de H\u00b0 &nbsp;recubiertas en caucho, de 3 m de di\u00e1metro con tobog\u00e1n, vinculadas con juegos para trepar, hamacas reforzadas para colgar en estructura de P\u00e9rgola y otras con asiento bebes, calesita integradora, mangrullo y otros juegos cl\u00e1sicos.<\/p>\n\n\n\n<p>Adem\u00e1s este parque dispondr\u00e1 de espacios para gimnasia al aire libre, bicicleta fija, bamboleo de cintura doble, remos, caminadores, m\u00e1quina de Pedales con Remos, barras, descontracturador de Columna &nbsp;y bancos abdominales mixtos, entre otros.<\/p>\n\n\n\n<figure class=\"wp-block-image\"><img decoding=\"async\" src=\"https:\/\/www.diarioepoca.com\/content\/bucket\/1\/1318481w762h453c.jpg.webp\" alt=\"\"\/><\/figure>\n\n\n\n<p>En cuanto al equipamiento urbano con que ser\u00e1 dotado este novel espacio verde &nbsp;se contar\u00e1n &nbsp;bancos &nbsp;con base perimetral &nbsp;de hormig\u00f3n armado, y contenedores de residuos, as\u00ed como se\u00f1al\u00e9tica sobre estructuras &nbsp;de hierro y chapa.<\/p>\n\n\n\n<p>Tambi\u00e9n el predio tendr\u00e1 una Garita para Placero, que ser\u00e1 una construcci\u00f3n tradicional de unos &nbsp;30 m2, provisto de sanitario.<\/p>\n\n\n\n<p>En todo el parque se plantar\u00e1n &nbsp;especies aut\u00f3ctonas de entre 2 y 3 metros de altura, completando la parquizaci\u00f3n con la siembra de &nbsp;c\u00e9sped.<\/p>\n\n\n\n<p>Por otra parte, en cuanto a obras viales se est\u00e1 realizando &nbsp;la apertura de calles, la construcci\u00f3n de cord\u00f3n cuneta y &nbsp;enripiado.<\/p>\n","protected":false},"excerpt":{"rendered":"<p>Estos terrenos, pertenecientes al Gobierno provincial, tienen un per\u00edmetro aproximado de 1.200 metros y se encuentran delimitados al norte por la calle Reconquista, al este por calle Ex V\u00eda, al&hellip; <\/p>\n","protected":false},"author":1,"featured_media":86482,"comment_status":"closed","ping_status":"open","sticky":false,"template":"","format":"standard","meta":{"footnotes":""},"categories":[1],"tags":[],"class_list":["post-86479","post","type-post","status-publish","format-standard","has-post-thumbnail","hentry","category-informacion-general"],"_links":{"self":[{"href":"https:\/\/corrientesdetarde.com\/index.php\/wp-json\/wp\/v2\/posts\/86479","targetHints":{"allow":["GET"]}}],"collection":[{"href":"https:\/\/corrientesdetarde.com\/index.php\/wp-json\/wp\/v2\/posts"}],"about":[{"href":"https:\/\/corrientesdetarde.com\/index.php\/wp-json\/wp\/v2\/types\/post"}],"author":[{"embeddable":true,"href":"https:\/\/corrientesdetarde.com\/index.php\/wp-json\/wp\/v2\/users\/1"}],"replies":[{"embeddable":true,"href":"https:\/\/corrientesdetarde.com\/index.php\/wp-json\/wp\/v2\/comments?post=86479"}],"version-history":[{"count":1,"href":"https:\/\/corrientesdetarde.com\/index.php\/wp-json\/wp\/v2\/posts\/86479\/revisions"}],"predecessor-version":[{"id":86483,"href":"https:\/\/corrientesdetarde.com\/index.php\/wp-json\/wp\/v2\/posts\/86479\/revisions\/86483"}],"wp:featuredmedia":[{"embeddable":true,"href":"https:\/\/corrientesdetarde.com\/index.php\/wp-json\/wp\/v2\/media\/86482"}],"wp:attachment":[{"href":"https:\/\/corrientesdetarde.com\/index.php\/wp-json\/wp\/v2\/media?parent=86479"}],"wp:term":[{"taxonomy":"category","embeddable":true,"href":"https:\/\/corrientesdetarde.com\/index.php\/wp-json\/wp\/v2\/categories?post=86479"},{"taxonomy":"post_tag","embeddable":true,"href":"https:\/\/corrientesdetarde.com\/index.php\/wp-json\/wp\/v2\/tags?post=86479"}],"curies":[{"name":"wp","href":"https:\/\/api.w.org\/{rel}","templated":true}]}}