{"id":86568,"date":"2023-09-09T00:23:09","date_gmt":"2023-09-09T03:23:09","guid":{"rendered":"https:\/\/corrientesdetarde.com\/?p=86568"},"modified":"2023-09-09T20:05:29","modified_gmt":"2023-09-09T23:05:29","slug":"las-primeras-palabras-de-l-gante-tras-recuperar-su-libertad-estar-preso-no-esta-bueno","status":"publish","type":"post","link":"https:\/\/corrientesdetarde.com\/index.php\/informacion-general\/las-primeras-palabras-de-l-gante-tras-recuperar-su-libertad-estar-preso-no-esta-bueno\/","title":{"rendered":"Las primeras palabras de L-Gante tras recuperar su libertad: \u201cEstar preso no est\u00e1 bueno\u201d"},"content":{"rendered":"\n<p>Tras m\u00e1s de tres meses detenido,&nbsp;<strong>L-Gante recuperar\u00e1 su libertad<\/strong>. As\u00ed se lo confirm\u00f3 a&nbsp;<strong>TN Show<\/strong>&nbsp;su manager, Maxi \u201cEl Brother\u201d. El joven artista permanec\u00eda recluido en la DDI de Quilmes imputado&nbsp;por los delitos de privaci\u00f3n ileg\u00edtima de la libertad&nbsp;y tenencia de arma de fuego.<\/p>\n\n\n\n<p>Fuentes cercanas al entorno del m\u00fasico indicaron que fue una resoluci\u00f3n del juez de garant\u00edas Gabriel Castro la que orden\u00f3 la excarcelaci\u00f3n. En principio, habr\u00eda reevaluado la prueba y dispuso el cese de su prisi\u00f3n y orden\u00f3 su libertad.<\/p>\n\n\n\n<figure class=\"wp-block-embed is-type-video is-provider-youtube wp-block-embed-youtube wp-embed-aspect-16-9 wp-has-aspect-ratio\"><div class=\"wp-block-embed__wrapper\">\n<iframe loading=\"lazy\" title=\"FUERA DE AGENDA | As\u00ed LIBERARON a L-GANTE\" width=\"1110\" height=\"624\" src=\"https:\/\/www.youtube.com\/embed\/GB7KLQcdzFw?feature=oembed\" frameborder=\"0\" allow=\"accelerometer; autoplay; clipboard-write; encrypted-media; gyroscope; picture-in-picture; web-share\" allowfullscreen><\/iframe>\n<\/div><\/figure>\n\n\n\n<p>Eli\u00e1n Valenzuela qued\u00f3 en libertad y, al dejar la DDI, habl\u00f3 con la prensa. \u201cSe har\u00e1 justicia.&nbsp;<strong>Estar preso obvio que no est\u00e1 bueno<\/strong>, pero estar ac\u00e1 es m\u00e1s que nada para<strong>&nbsp;recapacitar y aprovechar el tiempo que est\u00e1s ac\u00e1 para pensar de buena manera<\/strong>\u201d, dijo.<\/p>\n\n\n\n<p>Tras m\u00e1s de tres meses detenido,&nbsp;<strong>L-Gante recuperar\u00e1 su libertad<\/strong>. As\u00ed se lo confirm\u00f3 a&nbsp;<strong>TN Show<\/strong>&nbsp;su manager, Maxi \u201cEl Brother\u201d. El joven artista permanec\u00eda recluido en la DDI de Quilmes imputado&nbsp;por los delitos de privaci\u00f3n ileg\u00edtima de la libertad&nbsp;y tenencia de arma de fuego.<\/p>\n\n\n\n<p>Fuentes cercanas al entorno del m\u00fasico indicaron que fue una resoluci\u00f3n del juez de garant\u00edas Gabriel Castro la que orden\u00f3 la excarcelaci\u00f3n. En principio, habr\u00eda reevaluado la prueba y dispuso el cese de su prisi\u00f3n y orden\u00f3 su libertad.<\/p>\n\n\n\n<p>Eli\u00e1n Valenzuela qued\u00f3 en libertad y, al dejar la DDI, habl\u00f3 con la prensa. \u201cSe har\u00e1 justicia.&nbsp;<strong>Estar preso obvio que no est\u00e1 bueno<\/strong>, pero estar ac\u00e1 es m\u00e1s que nada para<strong>&nbsp;recapacitar y aprovechar el tiempo que est\u00e1s ac\u00e1 para pensar de buena manera<\/strong>\u201d, dijo.<\/p>\n","protected":false},"excerpt":{"rendered":"<p>Tras m\u00e1s de tres meses detenido,&nbsp;L-Gante recuperar\u00e1 su libertad. As\u00ed se lo confirm\u00f3 a&nbsp;TN Show&nbsp;su manager, Maxi \u201cEl Brother\u201d. El joven artista permanec\u00eda recluido en la DDI de Quilmes imputado&nbsp;por&hellip; <\/p>\n","protected":false},"author":1,"featured_media":86569,"comment_status":"closed","ping_status":"open","sticky":false,"template":"","format":"standard","meta":{"footnotes":""},"categories":[1],"tags":[],"class_list":["post-86568","post","type-post","status-publish","format-standard","has-post-thumbnail","hentry","category-informacion-general"],"_links":{"self":[{"href":"https:\/\/corrientesdetarde.com\/index.php\/wp-json\/wp\/v2\/posts\/86568","targetHints":{"allow":["GET"]}}],"collection":[{"href":"https:\/\/corrientesdetarde.com\/index.php\/wp-json\/wp\/v2\/posts"}],"about":[{"href":"https:\/\/corrientesdetarde.com\/index.php\/wp-json\/wp\/v2\/types\/post"}],"author":[{"embeddable":true,"href":"https:\/\/corrientesdetarde.com\/index.php\/wp-json\/wp\/v2\/users\/1"}],"replies":[{"embeddable":true,"href":"https:\/\/corrientesdetarde.com\/index.php\/wp-json\/wp\/v2\/comments?post=86568"}],"version-history":[{"count":2,"href":"https:\/\/corrientesdetarde.com\/index.php\/wp-json\/wp\/v2\/posts\/86568\/revisions"}],"predecessor-version":[{"id":86700,"href":"https:\/\/corrientesdetarde.com\/index.php\/wp-json\/wp\/v2\/posts\/86568\/revisions\/86700"}],"wp:featuredmedia":[{"embeddable":true,"href":"https:\/\/corrientesdetarde.com\/index.php\/wp-json\/wp\/v2\/media\/86569"}],"wp:attachment":[{"href":"https:\/\/corrientesdetarde.com\/index.php\/wp-json\/wp\/v2\/media?parent=86568"}],"wp:term":[{"taxonomy":"category","embeddable":true,"href":"https:\/\/corrientesdetarde.com\/index.php\/wp-json\/wp\/v2\/categories?post=86568"},{"taxonomy":"post_tag","embeddable":true,"href":"https:\/\/corrientesdetarde.com\/index.php\/wp-json\/wp\/v2\/tags?post=86568"}],"curies":[{"name":"wp","href":"https:\/\/api.w.org\/{rel}","templated":true}]}}