{"id":8657,"date":"2022-10-05T09:06:51","date_gmt":"2022-10-05T12:06:51","guid":{"rendered":"https:\/\/corrientesdetarde.com\/?p=8657"},"modified":"2022-10-05T09:06:53","modified_gmt":"2022-10-05T12:06:53","slug":"equipan-al-centro-aguara-para-la-recepcion-y-el-rescate-de-animales-por-temor-a-incendios","status":"publish","type":"post","link":"https:\/\/corrientesdetarde.com\/index.php\/informacion-general\/equipan-al-centro-aguara-para-la-recepcion-y-el-rescate-de-animales-por-temor-a-incendios\/","title":{"rendered":"Equipan al Centro Aguar\u00e1 para la recepci\u00f3n y el rescate de animales por temor a incendios"},"content":{"rendered":"\n<p>Entre las mejoras habr\u00e1 mayor infraestructura, una unidad de cuidados intensivos, una casa para voluntarios, un dep\u00f3sito para la parte m\u00e9dico veterinaria. Adem\u00e1s, en lo que va del a\u00f1o ya son 76 los animales liberados.\u00a0<\/p>\n\n\n\n<p>El Centro de Conservaci\u00f3n Aguar\u00e1 se encuentra en pleno equipamiento para la recepci\u00f3n y el rescate de animales ante el temor de que vuelvan a desatarse incendios en la provincia de Corrientes.&nbsp;<\/p>\n\n\n\n<p>La sequ\u00eda a\u00fan no termin\u00f3 y ya va por su tercer a\u00f1o en territorio correntino, esto refleja las medidas de prevenci\u00f3n que deben comenzar a tomar diferentes instituciones que dependen del Gobierno provincial.<\/p>\n\n\n\n<p>Seg\u00fan un reporte del Servicio Meteorol\u00f3gico Nacional (SMN) las lluvias para los meses de octubre, noviembre y diciembre ser\u00e1n inferiores a las normales en la provincia de Corrientes.&nbsp;<\/p>\n\n\n\n<p>Lo que podr\u00eda ser perjudicial para las zonas de fauna y flora debido a los incendios que podr\u00edan desatarse como sucedi\u00f3 hace menos de un a\u00f1o.<\/p>\n\n\n\n<p>Las temperaturas ser\u00e1n normales inform\u00f3 el SMN, por lo que se espera un clima similar al del a\u00f1o pasado. \u201cLa sequ\u00eda todav\u00eda no termin\u00f3, el a\u00f1o pasado hubo tantos incendios porque hubo dos a\u00f1os de poca ca\u00edda de agua. Entonces cuando hay sequ\u00eda se pierden las lagunas y todos los animales que est\u00e1n ah\u00ed, se dispersan y ahora entramos al tercer a\u00f1o\u201d, coment\u00f3 Daniel Segovia, director del Centro Aguar\u00e1.<\/p>\n\n\n\n<p>\u201cPor suerte la provincia destin\u00f3 $200.000.000 para el equipamiento de los Bomberos Voluntarios y para un cuerpo profesional, y tambi\u00e9n para Aguar\u00e1 en equipamiento que implica infraestructura, automotores, personal en poco tiempo estamos por inaugurar obras todo anidado en el plan renacer Iber\u00e1\u201d, indic\u00f3 a El Litoral.<\/p>\n\n\n\n<p>Entre las mejoras habr\u00e1 mayor infraestructura, una unidad de cuidados intensivos, una casa para voluntarios, un dep\u00f3sito para la parte m\u00e9dico veterinaria y t\u00faneles de vuelo que son usados para evaluar aves que se encuentran en recuperaci\u00f3n rehabilitaci\u00f3n.<\/p>\n\n\n\n<p>\u201cLos animales de poca movilidad en los incendios como los yacar\u00e9s, &nbsp;las tortugas son los que m\u00e1s afectados se ven. Ahora est\u00e1 en la prevenci\u00f3n de los incendios, nosotros como equipo de rescate y liberaci\u00f3n de fauna no podemos hacer m\u00e1s que ir a buscar a los animales en peligro y con alg\u00fan tipo de patolog\u00eda\u201d, asegur\u00f3 Segovia.<\/p>\n\n\n\n<p>Hasta el momento, en lo que va del a\u00f1o, el Centro liber\u00f3 a 76 animales y entres las especies estuvieron aves rapaces, el emblem\u00e1tico Aguar\u00e1 Guaz\u00fa que fue colisionado por un auto, las traslocaciones de yacar\u00e9s, el caso de dos pumas. Otras especies que tambi\u00e9n fueron liberadas son, guazunchos, osos meleros, caranchos, un \u00e1guila negra, cotorras y zorzales. Hubo una gran cantidad de animales hu\u00e9rfanos entre ellos.<\/p>\n\n\n\n<p>\u201cEstuvieron en el centro durante bastante tiempo recuper\u00e1ndose con pruebas de vuelo como el \u00e1guila negra y el carancho. Recibimos un oso melero de Derqui cerca de Empedrado que lleg\u00f3 muy chico, nunca hab\u00edamos recibido a un animal tan chico de esa especie\u201d, resalt\u00f3 el director.<\/p>\n\n\n\n<p>En ese sentido, explic\u00f3 que a la madre de dos osos meleros rescatados la hab\u00edan atacado perros por lo que ambos quedaron hu\u00e9rfanos tanto en Derqui como en San Isidro.<\/p>\n\n\n\n<p>\u201cLa ley &nbsp;que crea el Centro Aguar\u00e1 establece que el 25% &nbsp;del fondo de Flora y Fauna debe ir a Aguara. El paso siguiente es la reglamentaci\u00f3n de eso que es por decreto es un instrumento legal de menor rango que es reglamentar lo que dice la ley\u201d, concluy\u00f3.<\/p>\n\n\n\n<p>\u201cEl Parque Iber\u00e1, que es fuente de trabajo tur\u00edstico, crecimiento socioecon\u00f3mico y desarrollo local, supo consolidarse como destino de naturaleza, por eso es fundamental que reafirmemos nuestro compromiso con el reverdecimiento de su esplendor. En eso estamos\u201d, expres\u00f3 Vald\u00e9s en marzo cuando anunci\u00f3 el plan para recuperar el Iber\u00e1.<\/p>\n\n\n\n<p>En la ocasi\u00f3n, el mandatario record\u00f3 all\u00ed en un primer momento, que el paquete de medidas de $2.800 millones anunciado en ese momento era \u201cpara salir a ayudar a nuestros productores con medidas que no pod\u00edan esperar\u201d y en esta l\u00ednea anunci\u00f3 el programa Renacer Iber\u00e1.<\/p>\n\n\n\n<p>\u201cEs un plan que va a estar direccionado en dos partes: $200 millones para el Comit\u00e9 Iber\u00e1, para que tenga recursos inmediatos para comenzar esa reconstrucci\u00f3n de los esteros, y $200 millones para el Centro de Conservaci\u00f3n Aguar\u00e1, donde est\u00e1n haciendo un trabajo incre\u00edble de atenci\u00f3n a los animales para reintroducirlos nuevamente\u201d, detall\u00f3 el jefe del Ejecutivo Provincial.<\/p>\n","protected":false},"excerpt":{"rendered":"<p>Entre las mejoras habr\u00e1 mayor infraestructura, una unidad de cuidados intensivos, una casa para voluntarios, un dep\u00f3sito para la parte m\u00e9dico veterinaria. Adem\u00e1s, en lo que va del a\u00f1o ya&hellip; <\/p>\n","protected":false},"author":4,"featured_media":8680,"comment_status":"closed","ping_status":"open","sticky":false,"template":"","format":"standard","meta":{"footnotes":""},"categories":[1],"tags":[],"class_list":["post-8657","post","type-post","status-publish","format-standard","has-post-thumbnail","hentry","category-informacion-general"],"_links":{"self":[{"href":"https:\/\/corrientesdetarde.com\/index.php\/wp-json\/wp\/v2\/posts\/8657","targetHints":{"allow":["GET"]}}],"collection":[{"href":"https:\/\/corrientesdetarde.com\/index.php\/wp-json\/wp\/v2\/posts"}],"about":[{"href":"https:\/\/corrientesdetarde.com\/index.php\/wp-json\/wp\/v2\/types\/post"}],"author":[{"embeddable":true,"href":"https:\/\/corrientesdetarde.com\/index.php\/wp-json\/wp\/v2\/users\/4"}],"replies":[{"embeddable":true,"href":"https:\/\/corrientesdetarde.com\/index.php\/wp-json\/wp\/v2\/comments?post=8657"}],"version-history":[{"count":1,"href":"https:\/\/corrientesdetarde.com\/index.php\/wp-json\/wp\/v2\/posts\/8657\/revisions"}],"predecessor-version":[{"id":8684,"href":"https:\/\/corrientesdetarde.com\/index.php\/wp-json\/wp\/v2\/posts\/8657\/revisions\/8684"}],"wp:featuredmedia":[{"embeddable":true,"href":"https:\/\/corrientesdetarde.com\/index.php\/wp-json\/wp\/v2\/media\/8680"}],"wp:attachment":[{"href":"https:\/\/corrientesdetarde.com\/index.php\/wp-json\/wp\/v2\/media?parent=8657"}],"wp:term":[{"taxonomy":"category","embeddable":true,"href":"https:\/\/corrientesdetarde.com\/index.php\/wp-json\/wp\/v2\/categories?post=8657"},{"taxonomy":"post_tag","embeddable":true,"href":"https:\/\/corrientesdetarde.com\/index.php\/wp-json\/wp\/v2\/tags?post=8657"}],"curies":[{"name":"wp","href":"https:\/\/api.w.org\/{rel}","templated":true}]}}