{"id":86607,"date":"2023-09-09T10:04:20","date_gmt":"2023-09-09T13:04:20","guid":{"rendered":"https:\/\/corrientesdetarde.com\/?p=86607"},"modified":"2023-09-09T10:04:21","modified_gmt":"2023-09-09T13:04:21","slug":"prefectura-argentina-no-emitio-alerta-por-crecida-extraordinaria-del-rio-parana","status":"publish","type":"post","link":"https:\/\/corrientesdetarde.com\/index.php\/medio-ambiente\/prefectura-argentina-no-emitio-alerta-por-crecida-extraordinaria-del-rio-parana\/","title":{"rendered":"Prefectura Argentina no emiti\u00f3 alerta por crecida extraordinaria del r\u00edo Paran\u00e1"},"content":{"rendered":"\n<p>Autoridades de zona de Prefectura Naval Argentina aclararon que desde las oficinas de dicha fuerza de seguridad &#8220;no se emiti\u00f3 ning\u00fan alerta a los pobladores isle\u00f1os&#8221; debido a una supuesta crecida extraordinaria en zonas adyacentes a Yacyreta.\u00a0<a href=\"https:\/\/www.diarioepoca.com\/1296978-prefectura-argentina-no-emitio-alerta-por-crecida-extraordinaria-del-rio-parana#\"><\/a><\/p>\n\n\n\n<p>Desde las oficinas de la Prefectura Corrientes de PNA se aclar\u00f3 que &#8220;desde la fuerza de seguridad no se emiti\u00f3 alerta alguna por crecida extraordinaria del r\u00edo Paran\u00e1&#8221;, en virtud a una informaci\u00f3n que se dio a conocer en las \u00faltimas horas.\u00a0<\/p>\n\n\n\n<p>La misma fuente inform\u00f3 a \u00e9sta redacci\u00f3n que &#8220;la altura del r\u00edo Paran\u00e1 es normal&#8221;<\/p>\n\n\n\n<p>Y remarc\u00f3 que &#8220;cualquier novedad al respecto se realizar\u00e1 de forma escrita o a trav\u00e9s de la p\u00e1gina web de Prefectura&#8221;.<\/p>\n\n\n\n<p>El sitio en el cu\u00e1l se accede a la altura de los r\u00edos es el siguiente:&nbsp;<a href=\"https:\/\/contenidosweb.prefecturanaval.gob.ar\/alturas\/\">https:\/\/contenidosweb.prefecturanaval.gob.ar\/alturas\/<\/a><\/p>\n\n\n\n<p>Para tener en cuenta, y en virtud de lo informado, los datos actualizados que se precisan en dicho informe muestran claramente que la altura del r\u00edo Paran\u00e1 en la zona en cuesti\u00f3n est\u00e1 lejos de los niveles de &#8220;alerta&#8221; y mucho menos de &#8220;evacuaci\u00f3n&#8221;.<\/p>\n","protected":false},"excerpt":{"rendered":"<p>Autoridades de zona de Prefectura Naval Argentina aclararon que desde las oficinas de dicha fuerza de seguridad &#8220;no se emiti\u00f3 ning\u00fan alerta a los pobladores isle\u00f1os&#8221; debido a una supuesta&hellip; <\/p>\n","protected":false},"author":3,"featured_media":86630,"comment_status":"closed","ping_status":"open","sticky":false,"template":"","format":"standard","meta":{"footnotes":""},"categories":[6],"tags":[],"class_list":["post-86607","post","type-post","status-publish","format-standard","has-post-thumbnail","hentry","category-medio-ambiente"],"_links":{"self":[{"href":"https:\/\/corrientesdetarde.com\/index.php\/wp-json\/wp\/v2\/posts\/86607","targetHints":{"allow":["GET"]}}],"collection":[{"href":"https:\/\/corrientesdetarde.com\/index.php\/wp-json\/wp\/v2\/posts"}],"about":[{"href":"https:\/\/corrientesdetarde.com\/index.php\/wp-json\/wp\/v2\/types\/post"}],"author":[{"embeddable":true,"href":"https:\/\/corrientesdetarde.com\/index.php\/wp-json\/wp\/v2\/users\/3"}],"replies":[{"embeddable":true,"href":"https:\/\/corrientesdetarde.com\/index.php\/wp-json\/wp\/v2\/comments?post=86607"}],"version-history":[{"count":1,"href":"https:\/\/corrientesdetarde.com\/index.php\/wp-json\/wp\/v2\/posts\/86607\/revisions"}],"predecessor-version":[{"id":86632,"href":"https:\/\/corrientesdetarde.com\/index.php\/wp-json\/wp\/v2\/posts\/86607\/revisions\/86632"}],"wp:featuredmedia":[{"embeddable":true,"href":"https:\/\/corrientesdetarde.com\/index.php\/wp-json\/wp\/v2\/media\/86630"}],"wp:attachment":[{"href":"https:\/\/corrientesdetarde.com\/index.php\/wp-json\/wp\/v2\/media?parent=86607"}],"wp:term":[{"taxonomy":"category","embeddable":true,"href":"https:\/\/corrientesdetarde.com\/index.php\/wp-json\/wp\/v2\/categories?post=86607"},{"taxonomy":"post_tag","embeddable":true,"href":"https:\/\/corrientesdetarde.com\/index.php\/wp-json\/wp\/v2\/tags?post=86607"}],"curies":[{"name":"wp","href":"https:\/\/api.w.org\/{rel}","templated":true}]}}