{"id":86636,"date":"2023-09-09T10:06:15","date_gmt":"2023-09-09T13:06:15","guid":{"rendered":"https:\/\/corrientesdetarde.com\/?p=86636"},"modified":"2023-09-09T10:06:16","modified_gmt":"2023-09-09T13:06:16","slug":"impactante-operativo-policial-en-pleno-centro-para-trasladar-cajas-de-seguridad","status":"publish","type":"post","link":"https:\/\/corrientesdetarde.com\/index.php\/informacion-general\/impactante-operativo-policial-en-pleno-centro-para-trasladar-cajas-de-seguridad\/","title":{"rendered":"Impactante operativo policial en pleno centro para trasladar cajas de seguridad"},"content":{"rendered":"\n<p>El traslado se realiza por calle San Juan entre 9 de Julio e Yrigoyen que estar\u00e1 cerrada hasta ma\u00f1ana<\/p>\n\n\n\n<p>Un operativo policial se despleg\u00f3 durante la tarde de ayer en inmediaciones del exbanco de la provincia. Tras el corte de la calle San Juan desde 9 de Julio hasta Hip\u00f3lito Yrigoyen, comenzaron a llegar camiones blindados y una gran cantidad de efectivos policiales que custodiaban la zona. Seg\u00fan pudo saber El Litoral, se trat\u00f3 del traslado de cajas antiguas de seguridad. La calle permanecer\u00e1 cerrada hasta el domingo.&nbsp;<\/p>\n\n\n\n<p>La zona del microcentro qued\u00f3 rodeada de polic\u00edas que custodiaban el traslado de las cajas fuertes depositadas en el edificio donde funcionaba el exbanco de la provincia de Corrientes. &nbsp;El despliegue policial llegaba hasta la esquina de Yrigoyen y La Rioja, otro grupo de oficiales rodeaban la plaza Vera y otros, la cuadra de 9 de Julio, entre La Rioja y San Juan.<\/p>\n\n\n\n<p>La calle fue completamente vallada y dos camiones se estacionaron en San Juan y otros dos en el Pasaje Agust\u00edn Gonz\u00e1lez, ambos rodeados por camionetas de la polic\u00eda. Frente al sitio hist\u00f3rico que ahora se encuentra en plena remodelaci\u00f3n por el nuevo Museo de Arte Contempor\u00e1neo \u00d1ande Mac, una gr\u00faa transportaba las cajas de seguridad hacia los camiones blindados.&nbsp;<img decoding=\"async\" alt=\"marcos mendoza\" src=\"https:\/\/pxc.cdn.ellitoral.com.ar\/litoral\/092023\/1694240438183.webp?cw=1200&amp;ch=800&amp;extw=jpg\"><\/p>\n\n\n\n<p>marcos mendoza<\/p>\n\n\n\n<p>Los vecinos que se trasladaban por la zona no sal\u00edan del asombro por el dispositivo de seguridad que hab\u00eda en el lugar. Si bien San Juan fue cortada para el paso de los veh\u00edculos, los peatones pod\u00edan circular por las veredas e ingresar a los locales que se encuentran a lo largo de esas cuadras. &nbsp;<\/p>\n\n\n\n<p>El subsecretario de Tr\u00e1nsito y Seguridad Vial de la Municipalidad de Corrientes, Juan Acinas, confirm\u00f3 a El Litoral que \u201cla calle permanecer\u00e1 cerrada hasta el domingo\u201d.&nbsp;<\/p>\n\n\n\n<p>Se presume que el traslado de cajas de seguridad se realizar\u00e1 hasta ma\u00f1ana.&nbsp;<\/p>\n","protected":false},"excerpt":{"rendered":"<p>El traslado se realiza por calle San Juan entre 9 de Julio e Yrigoyen que estar\u00e1 cerrada hasta ma\u00f1ana Un operativo policial se despleg\u00f3 durante la tarde de ayer en&hellip; <\/p>\n","protected":false},"author":3,"featured_media":86637,"comment_status":"closed","ping_status":"open","sticky":false,"template":"","format":"standard","meta":{"footnotes":""},"categories":[1],"tags":[],"class_list":["post-86636","post","type-post","status-publish","format-standard","has-post-thumbnail","hentry","category-informacion-general"],"_links":{"self":[{"href":"https:\/\/corrientesdetarde.com\/index.php\/wp-json\/wp\/v2\/posts\/86636","targetHints":{"allow":["GET"]}}],"collection":[{"href":"https:\/\/corrientesdetarde.com\/index.php\/wp-json\/wp\/v2\/posts"}],"about":[{"href":"https:\/\/corrientesdetarde.com\/index.php\/wp-json\/wp\/v2\/types\/post"}],"author":[{"embeddable":true,"href":"https:\/\/corrientesdetarde.com\/index.php\/wp-json\/wp\/v2\/users\/3"}],"replies":[{"embeddable":true,"href":"https:\/\/corrientesdetarde.com\/index.php\/wp-json\/wp\/v2\/comments?post=86636"}],"version-history":[{"count":1,"href":"https:\/\/corrientesdetarde.com\/index.php\/wp-json\/wp\/v2\/posts\/86636\/revisions"}],"predecessor-version":[{"id":86638,"href":"https:\/\/corrientesdetarde.com\/index.php\/wp-json\/wp\/v2\/posts\/86636\/revisions\/86638"}],"wp:featuredmedia":[{"embeddable":true,"href":"https:\/\/corrientesdetarde.com\/index.php\/wp-json\/wp\/v2\/media\/86637"}],"wp:attachment":[{"href":"https:\/\/corrientesdetarde.com\/index.php\/wp-json\/wp\/v2\/media?parent=86636"}],"wp:term":[{"taxonomy":"category","embeddable":true,"href":"https:\/\/corrientesdetarde.com\/index.php\/wp-json\/wp\/v2\/categories?post=86636"},{"taxonomy":"post_tag","embeddable":true,"href":"https:\/\/corrientesdetarde.com\/index.php\/wp-json\/wp\/v2\/tags?post=86636"}],"curies":[{"name":"wp","href":"https:\/\/api.w.org\/{rel}","templated":true}]}}