{"id":86639,"date":"2023-09-09T10:06:53","date_gmt":"2023-09-09T13:06:53","guid":{"rendered":"https:\/\/corrientesdetarde.com\/?p=86639"},"modified":"2023-09-09T10:06:56","modified_gmt":"2023-09-09T13:06:56","slug":"liberaron-a-l-gante-estar-preso-no-esta-bueno","status":"publish","type":"post","link":"https:\/\/corrientesdetarde.com\/index.php\/espectaculos\/liberaron-a-l-gante-estar-preso-no-esta-bueno\/","title":{"rendered":"Liberaron a L-Gante: &#8220;Estar preso no est\u00e1 bueno&#8221;"},"content":{"rendered":"\n<p>El juez de Garant\u00edas Gabriel Castro determin\u00f3 el&nbsp;<strong>cese de la prisi\u00f3n preventiva y la libertad inmediata<\/strong>&nbsp;del&nbsp;cantante de cumbia Eli\u00e1n Valenzuela, conocido popularmente como&nbsp;<strong>L-Gante<\/strong>,&nbsp;detenido en la DDI de Quilmes desde hac\u00eda tres meses en el marco de la causa en la que est\u00e1 imputado por privaci\u00f3n ilegal de la libertad y amenazas contra dos vecinos de la localidad bonaerense de General Rodr\u00edguez.<\/p>\n\n\n\n<p>La justicia orden\u00f3 este viernes por la noche la liberaci\u00f3n del artista, que se encontraba alojado en la Delegaci\u00f3n Departamental de Quilmes desde el 6 de junio pasado.<\/p>\n\n\n\n<p>Al salir de la dependencia policial, el artista manifest\u00f3 en breves declaraciones a la prensa que &#8220;estar preso no est\u00e1 bueno, pero estar ac\u00e1 es m\u00e1s que nada para recapacitar y aprovechar el tiempo para pensar de buena manera&#8221;.<\/p>\n\n\n\n<p>&#8220;Este tiempo que estuve ac\u00e1 lo aprovech\u00e9 para endurecerme mentalmente y cuidarme un poco m\u00e1s de las cosas&#8221;, expres\u00f3.<\/p>\n\n\n\n<p>Voceros judiciales informaron a T\u00e9lam que el juez Castro resolvi\u00f3 la medida ante un pedido de cambio de calificaci\u00f3n legal y de excarcelaci\u00f3n presentado por Diego Storto, abogado defensor de L-Gante.<\/p>\n\n\n\n<p>El magistrado tuvo en cuenta las contradicciones de un testigo y un nuevo testimonio en la causa, que suponen &#8220;una versi\u00f3n completamente distinta a la valorada al momento de la prisi\u00f3n preventiva y sostenida por el Ministerio P\u00fablico Fiscal&#8221;, seg\u00fan se desprende de la resoluci\u00f3n de 21 p\u00e1ginas.<\/p>\n\n\n\n<p>De acuerdo a lo argumentado por el juez, &#8220;con base en esta reevaluaci\u00f3n del m\u00e9rito de la prueba realizado por el suscripto, entiendo que corresponde disponer el cese de la detenci\u00f3n del aqu\u00ed imputado Valenzuela ordenando su inmediata libertad en este proceso, por as\u00ed garantizarse los principios de &#8216;in dubio pro reo&#8217; y la regla general de que el imputado transite el proceso en libertad durante la sustanciaci\u00f3n del mismo, y hasta tanto exista una condena en su contra; m\u00e1xime, cuando las dudas advertidas tornan, a mi entender, que el actual encierro preventivo deviene injusto e irrazonable&#8221;.<\/p>\n\n\n\n<p>Fuentes judiciales anticiparon que esta medida ser\u00e1 apelada por el fiscal Ra\u00fal Villalba, de la Unidad Funcional de Instrucci\u00f3n (UFI) 9 del Departamento Judicial de Moreno-General Rodr\u00edguez, porque considera que el juez debi\u00f3 haberle corrido vista para que emitiera un dictamen respecto del otorgamiento o no del cese de la prisi\u00f3n preventiva.<\/p>\n\n\n\n<p>Minutos despu\u00e9s de conocerse la noticia, su representante Maxi El Brother celebr\u00f3 la decisi\u00f3n de la justicia y public\u00f3 en una storie de Instagram &#8220;Dios es bueno&#8221;.<\/p>\n\n\n\n<p><strong>\u00bfPor qu\u00e9 detuvieron a L-Gante?<\/strong><\/p>\n\n\n\n<p>La denuncia que deriv\u00f3 en la detenci\u00f3n del cantante fue realizada el 27 de mayo por Dar\u00edo Gast\u00f3n Torres, vecino de la familia de Valenzuela, que reside en el barrio Bicentenario de General Rodr\u00edguez.<\/p>\n\n\n\n<p>A la salida del local bailable &#8220;R\u00edo&#8221; ubicado en esa localidad, hubo un incidente con varios j\u00f3venes integrantes de la denominada &#8220;La Mafilia&#8221;, el grupo de amigos y m\u00fasicos al que pertenece L-Gante.<\/p>\n\n\n\n<p>Cuando Torres se retira del boliche para dirigirse a su casa, comenz\u00f3 a recibir amenazas por parte de Valenzuela. Seg\u00fan la denuncia, integrantes de ese mismo grupo fueron hasta su casa y lo agredieron f\u00edsicamente tanto a \u00e9l como a su familia y luego pas\u00f3 un BMW blanco conducido por Valenzuela, que baj\u00f3 el vidrio, le apunt\u00f3 con un arma y subi\u00f3 al auto a Torres.<\/p>\n\n\n\n<p>A los pocos metros, tambi\u00e9n fue interceptada y obligada a subir al mismo rodado la joven Rosa Catalina Passi, tambi\u00e9n vecina del m\u00fasico y quien hab\u00eda participado de la primera discusi\u00f3n con los amigos del artista.<\/p>\n\n\n\n<p>M\u00e1s tarde, algunos integrantes de &#8220;La Mafilia&#8221; fueron demorados por la Polic\u00eda y L-Gante regres\u00f3 hacia donde estaba el m\u00f3vil, baj\u00f3 el vidrio y les dijo a los agentes: &#8220;Largame a los pibes o a \u00e9ste te lo mato&#8221;, en referencia a la v\u00edctima que estaba retenida dentro de su BMW, seg\u00fan lo manifestado por el abogado del denunciante.<\/p>\n\n\n\n<p>Torres permaneci\u00f3 23 minutos cautivo hasta que L-Gante recibi\u00f3 una llamada en la que le aseguraban que sus amigos hab\u00edan sido liberados por la Polic\u00eda y solt\u00f3 a las v\u00edctimas. Con las pruebas reunidas, la fiscal\u00eda solicit\u00f3 la detenci\u00f3n de Valenzuela al juez Castro, quien convalid\u00f3 el pedido y dispuso cuatro allanamientos el 6 de junio, uno de ellos en el sector 1 del country del Club Banco Provincia, donde finalmente el m\u00fasico fue detenido.<\/p>\n","protected":false},"excerpt":{"rendered":"<p>El juez de Garant\u00edas Gabriel Castro determin\u00f3 el&nbsp;cese de la prisi\u00f3n preventiva y la libertad inmediata&nbsp;del&nbsp;cantante de cumbia Eli\u00e1n Valenzuela, conocido popularmente como&nbsp;L-Gante,&nbsp;detenido en la DDI de Quilmes desde hac\u00eda&hellip; <\/p>\n","protected":false},"author":3,"featured_media":86640,"comment_status":"closed","ping_status":"open","sticky":false,"template":"","format":"standard","meta":{"footnotes":""},"categories":[19],"tags":[],"class_list":["post-86639","post","type-post","status-publish","format-standard","has-post-thumbnail","hentry","category-espectaculos"],"_links":{"self":[{"href":"https:\/\/corrientesdetarde.com\/index.php\/wp-json\/wp\/v2\/posts\/86639","targetHints":{"allow":["GET"]}}],"collection":[{"href":"https:\/\/corrientesdetarde.com\/index.php\/wp-json\/wp\/v2\/posts"}],"about":[{"href":"https:\/\/corrientesdetarde.com\/index.php\/wp-json\/wp\/v2\/types\/post"}],"author":[{"embeddable":true,"href":"https:\/\/corrientesdetarde.com\/index.php\/wp-json\/wp\/v2\/users\/3"}],"replies":[{"embeddable":true,"href":"https:\/\/corrientesdetarde.com\/index.php\/wp-json\/wp\/v2\/comments?post=86639"}],"version-history":[{"count":1,"href":"https:\/\/corrientesdetarde.com\/index.php\/wp-json\/wp\/v2\/posts\/86639\/revisions"}],"predecessor-version":[{"id":86641,"href":"https:\/\/corrientesdetarde.com\/index.php\/wp-json\/wp\/v2\/posts\/86639\/revisions\/86641"}],"wp:featuredmedia":[{"embeddable":true,"href":"https:\/\/corrientesdetarde.com\/index.php\/wp-json\/wp\/v2\/media\/86640"}],"wp:attachment":[{"href":"https:\/\/corrientesdetarde.com\/index.php\/wp-json\/wp\/v2\/media?parent=86639"}],"wp:term":[{"taxonomy":"category","embeddable":true,"href":"https:\/\/corrientesdetarde.com\/index.php\/wp-json\/wp\/v2\/categories?post=86639"},{"taxonomy":"post_tag","embeddable":true,"href":"https:\/\/corrientesdetarde.com\/index.php\/wp-json\/wp\/v2\/tags?post=86639"}],"curies":[{"name":"wp","href":"https:\/\/api.w.org\/{rel}","templated":true}]}}