{"id":86645,"date":"2023-09-09T10:08:05","date_gmt":"2023-09-09T13:08:05","guid":{"rendered":"https:\/\/corrientesdetarde.com\/?p=86645"},"modified":"2023-09-09T10:08:15","modified_gmt":"2023-09-09T13:08:15","slug":"en-6-hectareas-construyen-un-nuevo-parque-urbano-en-la-exterminal-de-ferrocarril","status":"publish","type":"post","link":"https:\/\/corrientesdetarde.com\/index.php\/informacion-general\/en-6-hectareas-construyen-un-nuevo-parque-urbano-en-la-exterminal-de-ferrocarril\/","title":{"rendered":"En 6 hect\u00e1reas construyen un nuevo parque urbano en la exterminal de ferrocarril"},"content":{"rendered":"\n<p>La Provincia lleva adelante la puesta en valor.<\/p>\n\n\n\n<p>Comenz\u00f3 la puesta en valor del predio de la exTerminal de ferrocarriles General Urquiza, de la ciudad de Corrientes. En un total de 6 hect\u00e1reas de extensi\u00f3n, la Provincia anunci\u00f3 ayer el inicio de las obras de infraestructura para construir un parque urbano con kits de juegos, senderos, estaci\u00f3n biosaludable y la colocaci\u00f3n de 171 columnas met\u00e1licas de iluminaci\u00f3n de 4 y 9 metros de altura.&nbsp;<\/p>\n\n\n\n<p>La iniciativa busca la preservaci\u00f3n del patrimonio hist\u00f3rico del exestaci\u00f3n, con un per\u00edmetro aproximado de 1200 metros que se encuentran delimitados al norte por la calle Reconquista, al este por calle Ex V\u00eda, al sur por calle Nicaragua y al oeste por avenida Maip\u00fa. y el edificio de la terminal. Su puesta en valor permite la conectividad con el resto de la ciudad y la generaci\u00f3n de un espacio verde y de esparcimiento p\u00fablico.&nbsp;<\/p>\n\n\n\n<p>Las obras son llevadas adelante por el Ministerio de Obras y Servicios P\u00fablicos, a trav\u00e9s de su Unidad Ejecutora de la provincia de Corrientes. En el sitio se realizar\u00e1 la construcci\u00f3n de nuevos senderos peatonales, un circuito running, estaci\u00f3n saludable, \u00e1reas de juegos infantiles y sectores de estar urbano.&nbsp;<\/p>\n\n\n\n<p>De manera complementaria, se instalar\u00e1n nuevas luminarias, senderos peatonales y una importante parquizaci\u00f3n vegetal, adem\u00e1s de la colocaci\u00f3n de nuevas especies arb\u00f3reas de entre 2 y 3 metros de altura. La parquizaci\u00f3n se completar\u00e1 con la siembra de c\u00e9sped.<\/p>\n\n\n\n<p>En el sector para las infancias, se instalar\u00e1n varios juegos como un tobog\u00e1n de 3 metros vinculado con juegos para trepar, hamacas reforzadas para colgar en estructura de p\u00e9rgola y otras con asiento beb\u00e9s, calesita integradora, mangrullo y una pir\u00e1mide o prisma para trepar de ca\u00f1o estructural y mallas resistentes, semiesferas de H\u00b0 recubiertas en caucho.<\/p>\n\n\n\n<p>Para el ahorro energ\u00e9tico se colocar\u00e1n luces conectadas a m\u00f3dulos con tecnolog\u00eda led. Con una red de distribuci\u00f3n de energ\u00eda subterr\u00e1nea, el sitio ser\u00e1 dotado de 115 columnas met\u00e1licas de 4 metros de altura de 60 watts en los senderos y unas 56 que alcanzar\u00e1n los 9 metros, con una potencia de 125 watts. Estas se colocar\u00e1n a una distancia entre s\u00ed de 20 metros.<\/p>\n\n\n\n<p>En el parque se sumar\u00e1 el equipamiento urbano, los bancos tendr\u00e1n una base perimetral de hormig\u00f3n armado y se\u00f1al\u00e9tica sobre estructuras de hierro y chapa. En las inmediaciones se colocar\u00e1n cestos de basura, tambi\u00e9n habr\u00e1 un espacio destinado a la gimnasia al aire libre, con bicicleta fija, bamboleo de cintura doble, remos, caminadoras, m\u00e1quina de pedales con remos, barras, descontracturador de columna y bancos abdominales mixtos.<\/p>\n\n\n\n<p>Contar\u00e1 con 1650 m2 de vereda perimetral y 1770 m2 de senderos peatonales de hormig\u00f3n armado. En inmediaciones se realizar\u00e1 una carpeta asf\u00e1ltica en fr\u00edo 800 m2 dispuesta sobre terreno conformado y compactado manualmente. En cuanto a obras viales se est\u00e1 realizando la apertura de calles, incluyendo la construcci\u00f3n de cord\u00f3n cuneta y enripiado.<\/p>\n\n\n\n<p>En inmediaciones del predio, se construir\u00e1 una garita para placero, que contar\u00e1 con la construcci\u00f3n tradicional de unos 30 m2, incluyendo el sanitario<\/p>\n","protected":false},"excerpt":{"rendered":"<p>La Provincia lleva adelante la puesta en valor. Comenz\u00f3 la puesta en valor del predio de la exTerminal de ferrocarriles General Urquiza, de la ciudad de Corrientes. En un total&hellip; <\/p>\n","protected":false},"author":3,"featured_media":86646,"comment_status":"closed","ping_status":"open","sticky":false,"template":"","format":"standard","meta":{"footnotes":""},"categories":[1],"tags":[],"class_list":["post-86645","post","type-post","status-publish","format-standard","has-post-thumbnail","hentry","category-informacion-general"],"_links":{"self":[{"href":"https:\/\/corrientesdetarde.com\/index.php\/wp-json\/wp\/v2\/posts\/86645","targetHints":{"allow":["GET"]}}],"collection":[{"href":"https:\/\/corrientesdetarde.com\/index.php\/wp-json\/wp\/v2\/posts"}],"about":[{"href":"https:\/\/corrientesdetarde.com\/index.php\/wp-json\/wp\/v2\/types\/post"}],"author":[{"embeddable":true,"href":"https:\/\/corrientesdetarde.com\/index.php\/wp-json\/wp\/v2\/users\/3"}],"replies":[{"embeddable":true,"href":"https:\/\/corrientesdetarde.com\/index.php\/wp-json\/wp\/v2\/comments?post=86645"}],"version-history":[{"count":1,"href":"https:\/\/corrientesdetarde.com\/index.php\/wp-json\/wp\/v2\/posts\/86645\/revisions"}],"predecessor-version":[{"id":86647,"href":"https:\/\/corrientesdetarde.com\/index.php\/wp-json\/wp\/v2\/posts\/86645\/revisions\/86647"}],"wp:featuredmedia":[{"embeddable":true,"href":"https:\/\/corrientesdetarde.com\/index.php\/wp-json\/wp\/v2\/media\/86646"}],"wp:attachment":[{"href":"https:\/\/corrientesdetarde.com\/index.php\/wp-json\/wp\/v2\/media?parent=86645"}],"wp:term":[{"taxonomy":"category","embeddable":true,"href":"https:\/\/corrientesdetarde.com\/index.php\/wp-json\/wp\/v2\/categories?post=86645"},{"taxonomy":"post_tag","embeddable":true,"href":"https:\/\/corrientesdetarde.com\/index.php\/wp-json\/wp\/v2\/tags?post=86645"}],"curies":[{"name":"wp","href":"https:\/\/api.w.org\/{rel}","templated":true}]}}