{"id":86648,"date":"2023-09-09T11:03:16","date_gmt":"2023-09-09T14:03:16","guid":{"rendered":"https:\/\/corrientesdetarde.com\/?p=86648"},"modified":"2023-09-09T11:03:28","modified_gmt":"2023-09-09T14:03:28","slug":"emocion-a-orillas-del-rio-parana-donde-murieron-los-chamameceros","status":"publish","type":"post","link":"https:\/\/corrientesdetarde.com\/index.php\/informacion-general\/emocion-a-orillas-del-rio-parana-donde-murieron-los-chamameceros\/","title":{"rendered":"Emoci\u00f3n a orillas del R\u00edo Paran\u00e1, donde murieron los chamameceros"},"content":{"rendered":"\n<p>A orillas del R\u00edo Paran\u00e1 y con la presencia de Cacho Esp\u00edndola se realiz\u00f3 cerca de las 19 de ayer el homenaje a los m\u00fasicos chamameceros muertos hace 34 a\u00f1os en ese lugar, en plena ciudad de Bella Vista. Alumnos de varias escuelas cantaron y recitaron el tema \u201cFlores del Alma\u201d, con el cual emocionaron al gran cantor.<\/p>\n\n\n\n<figure class=\"wp-block-image\"><img decoding=\"async\" src=\"https:\/\/pxc.cdn.ellitoral.com.ar\/litoral\/092023\/1694218046927.webp?cw=331&amp;ch=345&amp;extw=jpg\" alt=\"Emoci\u00f3n a orillas del R\u00edo Paran\u00e1, donde murieron los chamameceros\"\/><\/figure>\n\n\n\n<p>Esp\u00edndola agradeci\u00f3 \u201cen nombre de mis compa\u00f1eros que estuvimos todos juntos ac\u00e1, en esta tragedia. Bella Vista, es mi segundo lugar de nacimiento hace 34 a\u00f1os. Sobrevivimos cinco de aquel accidente\u201d, cont\u00f3.<\/p>\n\n\n\n<p>Otro momento de l\u00e1grimas fue al arrojar flores al profundo cauce del r\u00edo.<\/p>\n","protected":false},"excerpt":{"rendered":"<p>A orillas del R\u00edo Paran\u00e1 y con la presencia de Cacho Esp\u00edndola se realiz\u00f3 cerca de las 19 de ayer el homenaje a los m\u00fasicos chamameceros muertos hace 34 a\u00f1os&hellip; <\/p>\n","protected":false},"author":3,"featured_media":86657,"comment_status":"closed","ping_status":"open","sticky":false,"template":"","format":"standard","meta":{"footnotes":""},"categories":[1],"tags":[],"class_list":["post-86648","post","type-post","status-publish","format-standard","has-post-thumbnail","hentry","category-informacion-general"],"_links":{"self":[{"href":"https:\/\/corrientesdetarde.com\/index.php\/wp-json\/wp\/v2\/posts\/86648","targetHints":{"allow":["GET"]}}],"collection":[{"href":"https:\/\/corrientesdetarde.com\/index.php\/wp-json\/wp\/v2\/posts"}],"about":[{"href":"https:\/\/corrientesdetarde.com\/index.php\/wp-json\/wp\/v2\/types\/post"}],"author":[{"embeddable":true,"href":"https:\/\/corrientesdetarde.com\/index.php\/wp-json\/wp\/v2\/users\/3"}],"replies":[{"embeddable":true,"href":"https:\/\/corrientesdetarde.com\/index.php\/wp-json\/wp\/v2\/comments?post=86648"}],"version-history":[{"count":1,"href":"https:\/\/corrientesdetarde.com\/index.php\/wp-json\/wp\/v2\/posts\/86648\/revisions"}],"predecessor-version":[{"id":86658,"href":"https:\/\/corrientesdetarde.com\/index.php\/wp-json\/wp\/v2\/posts\/86648\/revisions\/86658"}],"wp:featuredmedia":[{"embeddable":true,"href":"https:\/\/corrientesdetarde.com\/index.php\/wp-json\/wp\/v2\/media\/86657"}],"wp:attachment":[{"href":"https:\/\/corrientesdetarde.com\/index.php\/wp-json\/wp\/v2\/media?parent=86648"}],"wp:term":[{"taxonomy":"category","embeddable":true,"href":"https:\/\/corrientesdetarde.com\/index.php\/wp-json\/wp\/v2\/categories?post=86648"},{"taxonomy":"post_tag","embeddable":true,"href":"https:\/\/corrientesdetarde.com\/index.php\/wp-json\/wp\/v2\/tags?post=86648"}],"curies":[{"name":"wp","href":"https:\/\/api.w.org\/{rel}","templated":true}]}}