{"id":86652,"date":"2023-09-09T10:14:11","date_gmt":"2023-09-09T13:14:11","guid":{"rendered":"https:\/\/corrientesdetarde.com\/?p=86652"},"modified":"2023-09-09T10:14:23","modified_gmt":"2023-09-09T13:14:23","slug":"se-inicia-nuevo-ciclo-de-difusion-de-autores-correntinos","status":"publish","type":"post","link":"https:\/\/corrientesdetarde.com\/index.php\/locales\/se-inicia-nuevo-ciclo-de-difusion-de-autores-correntinos\/","title":{"rendered":"Se inicia nuevo ciclo de difusi\u00f3n de autores correntinos"},"content":{"rendered":"\n<p>\u201cEscritores correntinos\u201d es un nuevo espacio cultural que arranca el pr\u00f3ximo 12 de septiembre en la Biblioteca de la Legislatura provincial, con la presentaci\u00f3n de \u201cDiez a\u00f1os despu\u00e9s\u201d, de Luciana Sommer Aromi.<br>\u201cDiez a\u00f1os despu\u00e9s\u201d es una novela rom\u00e1ntica-er\u00f3tica, en la que se destaca el uso de un lenguaje claro y sencillo por parte de la autora, y en la que los cap\u00edtulos cortos con una historia lineal y breve, contribuyen a una lectura llevadera y r\u00e1pida, evitando los espacios reflexivos y priorizando los sucesos y acciones que movilizan el relato.<br>La coordinadora de la actividad, narradora oral Silvia Pozo, destac\u00f3 la importancia de este ciclo, impulsado por el vicegobernador Pedro Braillard Poccard, donde los escritores correntinos podr\u00e1n presentar su obra y tomar contacto con el p\u00fablico y confirmo que se realizar\u00e1 todos los segundos martes de cada mes hasta diciembre.<\/p>\n\n\n\n<p>El acto est\u00e1 programado para el martes 12, a las 18:30 en la Biblioteca de la Legislatura (Salta 545).<\/p>\n\n\n\n<p>El Vice Gobernador Dr. Pedro Braillard Poccard invita al ciclo &#8220;Escritores correntinos&#8221; en su primera edicion con la presentacion de la novela Diez a\u00f1os despues escrita por la Dra. Luciana\u00a0Sommer\u00a0Arom\u00ed.<\/p>\n\n\n\n<figure class=\"wp-block-image size-large\"><img loading=\"lazy\" decoding=\"async\" width=\"1024\" height=\"1024\" src=\"https:\/\/corrientesdetarde.com\/wp-content\/uploads\/2023\/09\/WhatsApp-Image-2023-09-09-at-10.00.48-1024x1024.jpg\" alt=\"\" class=\"wp-image-86653\" srcset=\"https:\/\/corrientesdetarde.com\/wp-content\/uploads\/2023\/09\/WhatsApp-Image-2023-09-09-at-10.00.48-1024x1024.jpg 1024w, https:\/\/corrientesdetarde.com\/wp-content\/uploads\/2023\/09\/WhatsApp-Image-2023-09-09-at-10.00.48-300x300.jpg 300w, https:\/\/corrientesdetarde.com\/wp-content\/uploads\/2023\/09\/WhatsApp-Image-2023-09-09-at-10.00.48-150x150.jpg 150w, https:\/\/corrientesdetarde.com\/wp-content\/uploads\/2023\/09\/WhatsApp-Image-2023-09-09-at-10.00.48-768x768.jpg 768w, https:\/\/corrientesdetarde.com\/wp-content\/uploads\/2023\/09\/WhatsApp-Image-2023-09-09-at-10.00.48-1536x1536.jpg 1536w, https:\/\/corrientesdetarde.com\/wp-content\/uploads\/2023\/09\/WhatsApp-Image-2023-09-09-at-10.00.48.jpg 1562w\" sizes=\"auto, (max-width: 1024px) 100vw, 1024px\" \/><\/figure>\n","protected":false},"excerpt":{"rendered":"<p>\u201cEscritores correntinos\u201d es un nuevo espacio cultural que arranca el pr\u00f3ximo 12 de septiembre en la Biblioteca de la Legislatura provincial, con la presentaci\u00f3n de \u201cDiez a\u00f1os despu\u00e9s\u201d, de Luciana&hellip; <\/p>\n","protected":false},"author":1,"featured_media":86655,"comment_status":"closed","ping_status":"open","sticky":false,"template":"","format":"standard","meta":{"footnotes":""},"categories":[8],"tags":[],"class_list":["post-86652","post","type-post","status-publish","format-standard","has-post-thumbnail","hentry","category-locales"],"_links":{"self":[{"href":"https:\/\/corrientesdetarde.com\/index.php\/wp-json\/wp\/v2\/posts\/86652","targetHints":{"allow":["GET"]}}],"collection":[{"href":"https:\/\/corrientesdetarde.com\/index.php\/wp-json\/wp\/v2\/posts"}],"about":[{"href":"https:\/\/corrientesdetarde.com\/index.php\/wp-json\/wp\/v2\/types\/post"}],"author":[{"embeddable":true,"href":"https:\/\/corrientesdetarde.com\/index.php\/wp-json\/wp\/v2\/users\/1"}],"replies":[{"embeddable":true,"href":"https:\/\/corrientesdetarde.com\/index.php\/wp-json\/wp\/v2\/comments?post=86652"}],"version-history":[{"count":1,"href":"https:\/\/corrientesdetarde.com\/index.php\/wp-json\/wp\/v2\/posts\/86652\/revisions"}],"predecessor-version":[{"id":86656,"href":"https:\/\/corrientesdetarde.com\/index.php\/wp-json\/wp\/v2\/posts\/86652\/revisions\/86656"}],"wp:featuredmedia":[{"embeddable":true,"href":"https:\/\/corrientesdetarde.com\/index.php\/wp-json\/wp\/v2\/media\/86655"}],"wp:attachment":[{"href":"https:\/\/corrientesdetarde.com\/index.php\/wp-json\/wp\/v2\/media?parent=86652"}],"wp:term":[{"taxonomy":"category","embeddable":true,"href":"https:\/\/corrientesdetarde.com\/index.php\/wp-json\/wp\/v2\/categories?post=86652"},{"taxonomy":"post_tag","embeddable":true,"href":"https:\/\/corrientesdetarde.com\/index.php\/wp-json\/wp\/v2\/tags?post=86652"}],"curies":[{"name":"wp","href":"https:\/\/api.w.org\/{rel}","templated":true}]}}