{"id":86897,"date":"2023-09-10T21:07:15","date_gmt":"2023-09-11T00:07:15","guid":{"rendered":"https:\/\/corrientesdetarde.com\/?p=86897"},"modified":"2023-09-10T21:07:27","modified_gmt":"2023-09-11T00:07:27","slug":"siniestro-vial-dos-personas-resultaron-heridas","status":"publish","type":"post","link":"https:\/\/corrientesdetarde.com\/index.php\/policiales\/siniestro-vial-dos-personas-resultaron-heridas\/","title":{"rendered":"Siniestro vial: dos personas resultaron heridas."},"content":{"rendered":"\n<h2 class=\"wp-block-heading\">Alrededor de las 6 de la ma\u00f1ana se produjo un siniestro vial en el que colisionaron un autom\u00f3vil y una motocicleta. En el rodado menor transitaban dos personas que resultaron con heridas de consideraci\u00f3n.<\/h2>\n\n\n\n<p>Fuentes oficiales informaron que se iniciaron actuaciones sumariales de oficio por un siniestro vial ocurrido este domingo alrededor de las 6 de la ma\u00f1ana en la intersecci\u00f3n de las calles Lisandro de la Torre y Laguna Brava, donde colisionaron un autom\u00f3vil y una motocicleta.<\/p>\n\n\n\n<p>De acuerdo a la informaci\u00f3n, el choque se produjo entre un veh\u00edculo Chevrolet Celta, conducido por una mujer de 24 a\u00f1os; y una motocicleta Yamaha 110cc, que iba con dos ocupantes mujeres de 21 a\u00f1os. Producto del impacto, las personas que iban en el rodado mejor resultaron con heridas de consideraci\u00f3n y fueron hospitalizadas.<\/p>\n","protected":false},"excerpt":{"rendered":"<p>Alrededor de las 6 de la ma\u00f1ana se produjo un siniestro vial en el que colisionaron un autom\u00f3vil y una motocicleta. En el rodado menor transitaban dos personas que resultaron&hellip; <\/p>\n","protected":false},"author":6,"featured_media":86900,"comment_status":"closed","ping_status":"open","sticky":false,"template":"","format":"standard","meta":{"footnotes":""},"categories":[33],"tags":[],"class_list":["post-86897","post","type-post","status-publish","format-standard","has-post-thumbnail","hentry","category-policiales"],"_links":{"self":[{"href":"https:\/\/corrientesdetarde.com\/index.php\/wp-json\/wp\/v2\/posts\/86897","targetHints":{"allow":["GET"]}}],"collection":[{"href":"https:\/\/corrientesdetarde.com\/index.php\/wp-json\/wp\/v2\/posts"}],"about":[{"href":"https:\/\/corrientesdetarde.com\/index.php\/wp-json\/wp\/v2\/types\/post"}],"author":[{"embeddable":true,"href":"https:\/\/corrientesdetarde.com\/index.php\/wp-json\/wp\/v2\/users\/6"}],"replies":[{"embeddable":true,"href":"https:\/\/corrientesdetarde.com\/index.php\/wp-json\/wp\/v2\/comments?post=86897"}],"version-history":[{"count":1,"href":"https:\/\/corrientesdetarde.com\/index.php\/wp-json\/wp\/v2\/posts\/86897\/revisions"}],"predecessor-version":[{"id":86901,"href":"https:\/\/corrientesdetarde.com\/index.php\/wp-json\/wp\/v2\/posts\/86897\/revisions\/86901"}],"wp:featuredmedia":[{"embeddable":true,"href":"https:\/\/corrientesdetarde.com\/index.php\/wp-json\/wp\/v2\/media\/86900"}],"wp:attachment":[{"href":"https:\/\/corrientesdetarde.com\/index.php\/wp-json\/wp\/v2\/media?parent=86897"}],"wp:term":[{"taxonomy":"category","embeddable":true,"href":"https:\/\/corrientesdetarde.com\/index.php\/wp-json\/wp\/v2\/categories?post=86897"},{"taxonomy":"post_tag","embeddable":true,"href":"https:\/\/corrientesdetarde.com\/index.php\/wp-json\/wp\/v2\/tags?post=86897"}],"curies":[{"name":"wp","href":"https:\/\/api.w.org\/{rel}","templated":true}]}}