{"id":86902,"date":"2023-09-10T21:27:31","date_gmt":"2023-09-11T00:27:31","guid":{"rendered":"https:\/\/corrientesdetarde.com\/?p=86902"},"modified":"2023-09-10T21:27:42","modified_gmt":"2023-09-11T00:27:42","slug":"pullaro-sera-el-proximo-gobernador-de-santa-fe","status":"publish","type":"post","link":"https:\/\/corrientesdetarde.com\/index.php\/politica\/pullaro-sera-el-proximo-gobernador-de-santa-fe\/","title":{"rendered":"Pullaro ser\u00e1 el pr\u00f3ximo gobernador de Santa Fe."},"content":{"rendered":"\n<h2 class=\"wp-block-heading\">Amplia ventaja del candidato de Juntos por le Cambio con m\u00e1s del 20 por ciento de los votos computados. El oficialista Lewandowsky qued\u00f3 muy atr\u00e1s.<\/h2>\n\n\n\n<p>Con m\u00e1s del 80% de las mesas escrutadas,<strong>\u00a0Maximiliano Pullaro<\/strong>, el candidato de Juntos por el Cambio,\u00a0<strong>obtiene 59,12%<\/strong>\u00a0y se acerca a ser el<strong>\u00a0nuevo gobernar de la provincia de Santa Fe.<\/strong>\u00a0Con el<strong>\u00a030,36%<\/strong>, al peronista\u00a0<strong>Marcelo Lewandowski<\/strong>\u00a0no le alcanz\u00f3 para revertir el resultado adverso de las PASO.<\/p>\n\n\n\n<p>De lograr sostener ese resultado, la oposici\u00f3n dar\u00e1 un\u00a0<strong>nuevo batacazo<\/strong>\u00a0en una provincia clave para el oficialismo. La candidata presidencial de JxC,\u00a0<strong>Patricia Bullrich<\/strong>, y el jefe de Gobierno porte\u00f1o,\u00a0<strong>Horacio Rodr\u00edguez Larreta<\/strong>, viajaron a Santa Fe a esperar los resultados y se preparan para celebrar el\u00a0<strong>triunfo\u00a0<\/strong>juntos en el b\u00fanker del larretista Pullaro.<\/p>\n\n\n\n<h2 class=\"wp-block-heading\">Nuevo batacazo de JxC en Santa Fe y proyecci\u00f3n a octubre<\/h2>\n\n\n\n<p>El desaf\u00edo de Pullaro ser\u00e1 el de&nbsp;<strong>retener los votos de Carolina Losada,<\/strong>&nbsp;tras una&nbsp;<strong>interna feroz&nbsp;<\/strong>que encar\u00f3 la precandidata de Bullrich, que lo acus\u00f3 de estar financiado por el narcotr\u00e1fico y hasta lleg\u00f3 a deslizar que lo acompa\u00f1ar\u00eda en caso de resultar ganador de las PASO.<\/p>\n\n\n\n<p>Si logra repetir el batacazo de las PASO de\u00a0<strong>Chaco<\/strong>,\u00a0<strong>JxC podr\u00eda pasar de gobernar cuatro provincias a hacerlo en ocho<\/strong>. A\u00a0<strong>Corrientes\u00a0<\/strong>y\u00a0<strong>Jujuy<\/strong>, ya se sumaron\u00a0<strong>San Luis<\/strong>\u00a0y\u00a0<strong>San Juan<\/strong>\u00a0y ahora<strong>\u00a0Santa Fe<\/strong>\u00a0y dan por descontadas las victorias en la\u00a0<strong>Ciudad de Buenos Aires<\/strong>\u00a0y en\u00a0<strong>Mendoza<\/strong>. Se quedar\u00eda con el manejo del coraz\u00f3n productivo del pa\u00eds y quien resulte presidente deber\u00e1 gobernar con un mapa pol\u00edtico muy distinto al actual.<\/p>\n\n\n\n<p>Aunque Uni\u00f3n por la Patria intent\u00f3 bajar la expectativa y minimizar el impacto en las elecciones generales de octubre,&nbsp;<strong>Bullrich y Larreta intentar\u00e1n nacionalizar el resultado&nbsp;<\/strong>para proyectar a la coalici\u00f3n a la primera vuelta.<\/p>\n\n\n\n<p>En Santa Fe,&nbsp;<strong>Javier Milei sac\u00f3 35% de votos<\/strong>, por encima del&nbsp;<strong>31% que obtuvieron Bullrich y Rodr\u00edguez Larreta<\/strong>, los dos candidatos de JxC sumados; mientras que los dos precandidatos del oficialismo,&nbsp;<strong>Sergio Massa y Juan Grabois<\/strong>, apenas rozaron el&nbsp;<strong>22%<\/strong>, 13 puntos abajo del libertario.<\/p>\n\n\n\n<h2 class=\"wp-block-heading\">La mirada en la nueva conformaci\u00f3n legislativa en Santa Fe<\/h2>\n\n\n\n<p>Si bien para JxC todas las apuestas est\u00e1n puestas en la gobernaci\u00f3n provincial, en la legislatura santafesina se juega otro partido. Tal como sucedi\u00f3 en las PASO presidenciales, la disputa por<strong>&nbsp;la conformaci\u00f3n del Congreso santafesino se perfilaba en una elecci\u00f3n de tercios, pero termin\u00f3 disput\u00e1ndose entre el peronismo y JxC.<\/strong><\/p>\n\n\n\n<p>Sin embargo, de las&nbsp;<strong>50 bancas de diputados<\/strong>&nbsp;que se pusieron en juego este domingo,<strong>&nbsp;el ganador en esa contienda se queda con 28<\/strong>&nbsp;y logra as\u00ed la tan deseada&nbsp;<strong>mayor\u00eda autom\u00e1tica<\/strong>. Apenas 22 se ocupar\u00e1n a trav\u00e9s del sistema D\u2019Hondt, que indica que se divide el total de los votos v\u00e1lidos obtenidos por las listas restantes hasta cubrir todos los cargos.<\/p>\n\n\n\n<p>Con los primeros resultados,&nbsp;<strong>Clara Garc\u00eda<\/strong>, de JxC, quedaba en&nbsp;<strong>primer lugar, con el 33,36% de los votos<\/strong>; seguida por&nbsp;<strong>Omar Perotti,<\/strong>&nbsp;actual gobernador y candidato de Uni\u00f3n por la Patria, con el&nbsp;<strong>28,19%<\/strong>, y&nbsp;<strong>Amalia Granata<\/strong>, del espacio libertario que no cont\u00f3 con el apoyo de Milei, con el&nbsp;<strong>19,91%<\/strong>.<\/p>\n\n\n\n<p>El creciente malestar en el peronismo durante la campa\u00f1a fue que&nbsp;<strong>Perotti jug\u00f3 para su propia elecci\u00f3n a diputado&nbsp;<\/strong>y dej\u00f3 en soledad a Lewandowski para intentar revertir el resultado sumamente adverso de las PASO.<\/p>\n\n\n\n<p>De confirmarse la tendencia de las primeras mesas escrutadas,&nbsp;<strong>JxC no solo lograr\u00eda quedarse con la gobernaci\u00f3n de Santa Fe, sino que tambi\u00e9n contar\u00eda con mayor\u00eda autom\u00e1tica en la legislatura.<\/strong><\/p>\n\n\n\n<p><\/p>\n\n\n\n<p><em>Fuente: Todo Noticias.<\/em><\/p>\n","protected":false},"excerpt":{"rendered":"<p>Amplia ventaja del candidato de Juntos por le Cambio con m\u00e1s del 20 por ciento de los votos computados. El oficialista Lewandowsky qued\u00f3 muy atr\u00e1s. Con m\u00e1s del 80% de&hellip; <\/p>\n","protected":false},"author":6,"featured_media":86907,"comment_status":"closed","ping_status":"open","sticky":false,"template":"","format":"standard","meta":{"footnotes":""},"categories":[3],"tags":[],"class_list":["post-86902","post","type-post","status-publish","format-standard","has-post-thumbnail","hentry","category-politica"],"_links":{"self":[{"href":"https:\/\/corrientesdetarde.com\/index.php\/wp-json\/wp\/v2\/posts\/86902","targetHints":{"allow":["GET"]}}],"collection":[{"href":"https:\/\/corrientesdetarde.com\/index.php\/wp-json\/wp\/v2\/posts"}],"about":[{"href":"https:\/\/corrientesdetarde.com\/index.php\/wp-json\/wp\/v2\/types\/post"}],"author":[{"embeddable":true,"href":"https:\/\/corrientesdetarde.com\/index.php\/wp-json\/wp\/v2\/users\/6"}],"replies":[{"embeddable":true,"href":"https:\/\/corrientesdetarde.com\/index.php\/wp-json\/wp\/v2\/comments?post=86902"}],"version-history":[{"count":1,"href":"https:\/\/corrientesdetarde.com\/index.php\/wp-json\/wp\/v2\/posts\/86902\/revisions"}],"predecessor-version":[{"id":86908,"href":"https:\/\/corrientesdetarde.com\/index.php\/wp-json\/wp\/v2\/posts\/86902\/revisions\/86908"}],"wp:featuredmedia":[{"embeddable":true,"href":"https:\/\/corrientesdetarde.com\/index.php\/wp-json\/wp\/v2\/media\/86907"}],"wp:attachment":[{"href":"https:\/\/corrientesdetarde.com\/index.php\/wp-json\/wp\/v2\/media?parent=86902"}],"wp:term":[{"taxonomy":"category","embeddable":true,"href":"https:\/\/corrientesdetarde.com\/index.php\/wp-json\/wp\/v2\/categories?post=86902"},{"taxonomy":"post_tag","embeddable":true,"href":"https:\/\/corrientesdetarde.com\/index.php\/wp-json\/wp\/v2\/tags?post=86902"}],"curies":[{"name":"wp","href":"https:\/\/api.w.org\/{rel}","templated":true}]}}