{"id":86903,"date":"2023-09-10T21:16:25","date_gmt":"2023-09-11T00:16:25","guid":{"rendered":"https:\/\/corrientesdetarde.com\/?p=86903"},"modified":"2023-09-10T21:16:36","modified_gmt":"2023-09-11T00:16:36","slug":"elecciones-en-santa-fe-valdes-felicito-a-pullaro","status":"publish","type":"post","link":"https:\/\/corrientesdetarde.com\/index.php\/politica\/elecciones-en-santa-fe-valdes-felicito-a-pullaro\/","title":{"rendered":"Elecciones en Santa Fe: Vald\u00e9s felicit\u00f3 a Pullaro."},"content":{"rendered":"\n<h2 class=\"wp-block-heading\">El gobernador de Corrientes, Gustavo Vald\u00e9s, felicit\u00f3 esta noche a Maximiliano Pullaro, quien estar\u00eda triunfando en las elecciones provinciales de Santa Fe.\u00a0<\/h2>\n\n\n\n<p>El gobernador de Corrientes hizo p\u00fablicas sus felicitaciones a Maximiliano Pullaro a trav\u00e9s de la red social X.<\/p>\n\n\n\n<figure class=\"wp-block-embed is-type-rich is-provider-twitter wp-block-embed-twitter\"><div class=\"wp-block-embed__wrapper\">\n<blockquote class=\"twitter-tweet\" data-width=\"550\" data-dnt=\"true\"><p lang=\"es\" dir=\"ltr\"><a href=\"https:\/\/twitter.com\/hashtag\/SantaFe?src=hash&amp;ref_src=twsrc%5Etfw\">#SantaFe<\/a> tiene nuevo gobernador, y es <a href=\"https:\/\/twitter.com\/maxipullaro?ref_src=twsrc%5Etfw\">@maxipullaro<\/a>, un dirigente joven, comprometido, con ideas y equipos. \u00a1Felicitaciones!<br><br>Destaco la democr\u00e1tica elecci\u00f3n del pueblo, as\u00ed como la recuperaci\u00f3n de la provincia por parte de <a href=\"https:\/\/twitter.com\/juntoscambioar?ref_src=twsrc%5Etfw\">@juntoscambioar<\/a>.<br><br>Ahora, \u00a1por nuestro triunfo en octubre!<\/p>&mdash; Gustavo Vald\u00e9s (@gustavovaldesok) <a href=\"https:\/\/twitter.com\/gustavovaldesok\/status\/1701015353906905276?ref_src=twsrc%5Etfw\">September 10, 2023<\/a><\/blockquote><script async src=\"https:\/\/platform.twitter.com\/widgets.js\" charset=\"utf-8\"><\/script>\n<\/div><\/figure>\n","protected":false},"excerpt":{"rendered":"<p>El gobernador de Corrientes, Gustavo Vald\u00e9s, felicit\u00f3 esta noche a Maximiliano Pullaro, quien estar\u00eda triunfando en las elecciones provinciales de Santa Fe.\u00a0 El gobernador de Corrientes hizo p\u00fablicas sus felicitaciones&hellip; <\/p>\n","protected":false},"author":6,"featured_media":86905,"comment_status":"closed","ping_status":"open","sticky":false,"template":"","format":"standard","meta":{"footnotes":""},"categories":[3],"tags":[],"class_list":["post-86903","post","type-post","status-publish","format-standard","has-post-thumbnail","hentry","category-politica"],"_links":{"self":[{"href":"https:\/\/corrientesdetarde.com\/index.php\/wp-json\/wp\/v2\/posts\/86903","targetHints":{"allow":["GET"]}}],"collection":[{"href":"https:\/\/corrientesdetarde.com\/index.php\/wp-json\/wp\/v2\/posts"}],"about":[{"href":"https:\/\/corrientesdetarde.com\/index.php\/wp-json\/wp\/v2\/types\/post"}],"author":[{"embeddable":true,"href":"https:\/\/corrientesdetarde.com\/index.php\/wp-json\/wp\/v2\/users\/6"}],"replies":[{"embeddable":true,"href":"https:\/\/corrientesdetarde.com\/index.php\/wp-json\/wp\/v2\/comments?post=86903"}],"version-history":[{"count":1,"href":"https:\/\/corrientesdetarde.com\/index.php\/wp-json\/wp\/v2\/posts\/86903\/revisions"}],"predecessor-version":[{"id":86906,"href":"https:\/\/corrientesdetarde.com\/index.php\/wp-json\/wp\/v2\/posts\/86903\/revisions\/86906"}],"wp:featuredmedia":[{"embeddable":true,"href":"https:\/\/corrientesdetarde.com\/index.php\/wp-json\/wp\/v2\/media\/86905"}],"wp:attachment":[{"href":"https:\/\/corrientesdetarde.com\/index.php\/wp-json\/wp\/v2\/media?parent=86903"}],"wp:term":[{"taxonomy":"category","embeddable":true,"href":"https:\/\/corrientesdetarde.com\/index.php\/wp-json\/wp\/v2\/categories?post=86903"},{"taxonomy":"post_tag","embeddable":true,"href":"https:\/\/corrientesdetarde.com\/index.php\/wp-json\/wp\/v2\/tags?post=86903"}],"curies":[{"name":"wp","href":"https:\/\/api.w.org\/{rel}","templated":true}]}}