{"id":86913,"date":"2023-09-10T22:19:48","date_gmt":"2023-09-11T01:19:48","guid":{"rendered":"https:\/\/corrientesdetarde.com\/?p=86913"},"modified":"2023-09-10T22:20:03","modified_gmt":"2023-09-11T01:20:03","slug":"aceleran-la-busqueda-de-supervivientes-en-marruecos-tras-el-sismo","status":"publish","type":"post","link":"https:\/\/corrientesdetarde.com\/index.php\/internacionales\/aceleran-la-busqueda-de-supervivientes-en-marruecos-tras-el-sismo\/","title":{"rendered":"Aceleran la b\u00fasqueda de supervivientes en Marruecos tras el sismo."},"content":{"rendered":"\n<h2 class=\"wp-block-heading\">Los rescatistas aceleraron hoy la b\u00fasqueda de posibles supervivientes atrapados bajo los escombros de las localidades arrasadas en Marruecos por un violento terremoto, que ya dej\u00f3 m\u00e1s de 2.100 muertos.<\/h2>\n\n\n\n<p>El sismo ocurrido en la noche del viernes, de magnitud 6,8 seg\u00fan los servicios geol\u00f3gicos estadounidenses y 7 seg\u00fan el centro marroqu\u00ed para la investigaci\u00f3n cient\u00edfica y t\u00e9cnica, fue el m\u00e1s potente desde que hay registros modernos en este reino del norte de \u00c1frica.<\/p>\n\n\n\n<p>El movimiento tel\u00farico dej\u00f3 al menos 2.122 muertos y 2.421 heridos, seg\u00fan el \u00faltimo balance del Ministerio del Interior comunicado el domingo por la tarde, consign\u00f3 la agencia AFP.<\/p>\n\n\n\n<p>&#8220;Las autoridades p\u00fablicas est\u00e1n todav\u00eda movilizadas para acelerar las operaciones de rescate y evacuaci\u00f3n de los heridos&#8221;, indic\u00f3 el Ministerio del Interior.<\/p>\n\n\n\n<p>La provincia de Al Hauz, epicentro del sismo, fue la m\u00e1s golpeada, seguida de Tarudant. En estas dos zonas situadas al sudoeste de la tur\u00edstica ciudad de Marrakech, la sacudida destruy\u00f3 aldeas enteras.<\/p>\n\n\n\n<p>En tanto, un nuevo terremoto de magnitud 3,9 en la escala Richter sacudi\u00f3 hoy esa regi\u00f3n, inform\u00f3 la agencia Europa Press.<\/p>\n\n\n\n<p>El Servicio Geol\u00f3gico de Estados Unidos (USGS, por sus siglas en ingl\u00e9s) se\u00f1al\u00f3 que el nuevo sismo se produjo a las 7.59 hora local en una zona monta\u00f1osa situada en el sur de la regi\u00f3n de Marrakech-Saf\u00ed.<\/p>\n\n\n\n<p>El epicentro fue ubicado a 10 kil\u00f3metros de profundidad, a medio camino entre las ciudades de Marrakech y Agadir.<\/p>\n\n\n\n<p>El domingo, muchos residentes acudieron a los hospitales de esta ciudad para donar sangre para las v\u00edctimas.<\/p>\n\n\n\n<p>&#8220;Lo perd\u00ed todo&#8221;, lament\u00f3 Lahcen, un hombre que perdi\u00f3 a su mujer y sus cuatro hijos en la localidad de rural de Moulay Brahim, en la zona monta\u00f1osa del Alto Atlas.<\/p>\n\n\n\n<p>&#8220;Lo \u00fanico que quiero es alejarme del mundo y hacer mi duelo&#8221;, dijo el padre de familia que se salv\u00f3 de morir porque estaba fuera de su casa en el momento del sismo.<\/p>\n\n\n\n<p>El pueblo de Tafeghaghte, unos kil\u00f3metros al oeste, qued\u00f3 pr\u00e1cticamente destruido por el terremoto, cuyo epicentro se ubic\u00f3 a solo medio centenar de kil\u00f3metros, seg\u00fan constat\u00f3 un equipo de AFP.<\/p>\n\n\n\n<p>&#8220;Tres de mis nietos (de 12, 8 y 4 a\u00f1os) y su madre murieron. Est\u00e1n todos debajo de las ruinas&#8221;, cont\u00f3 desolado Omar Benhanna, de 72 a\u00f1os.<\/p>\n\n\n\n<p>El s\u00e1bado, muchos de los supervivientes acudieron al cementerio para el entierro de unas 70 personas, en ceremonias desoladoras marcadas por los gritos y el llanto.<\/p>\n\n\n\n<p>El reino decret\u00f3 el s\u00e1bado tres d\u00edas de luto nacional y dirigentes del mundo entero, desde Espa\u00f1a y Francia a Israel o Estados Unidos, enviaron las condolencias a Rabat.<\/p>\n\n\n\n<p>Incluso Argelia, un pa\u00eds vecino enemistado con Marruecos, abri\u00f3 su espacio a\u00e9reo cerrado desde hace dos a\u00f1os para los aviones que transporten ayuda humanitaria y evac\u00faen heridos.<\/p>\n\n\n\n<p>El Banco Mundial afirm\u00f3 que va a entregar &#8220;su apoyo total&#8221; al pa\u00eds.<\/p>\n\n\n\n<p>Espa\u00f1a envi\u00f3 el domingo a un equipo de 56 rescatistas y 4 perros de b\u00fasqueda de la Unidad Militar de Emergencias (UME) a Marrakech, tras recibir una solicitud formal del reino marroqu\u00ed, y prepara un segundo avi\u00f3n.<\/p>\n\n\n\n<p>&#8220;Enviaremos lo que haga falta porque todos saben que estas primeras horas son clave, especialmente si hay personas sepultadas bajo los escombros&#8221;, declar\u00f3 la ministra de Defensa, Margarita Robles, en la televisi\u00f3n p\u00fablica.<\/p>\n\n\n\n<p>Otros pa\u00edses, como Estados Unidos, Italia, Reino Unido o Israel, tambi\u00e9n ofrecieron su ayuda a Marruecos.<\/p>\n\n\n\n<p>El presidente franc\u00e9s Emmanuel Macron, declar\u00f3 el domingo que su pa\u00eds est\u00e1 listo para &#8220;intervenir&#8221; cuando las autoridades marroqu\u00edes &#8220;lo consideren necesario&#8221;.<\/p>\n\n\n\n<p>La Cruz Roja Internacional advirti\u00f3 el s\u00e1bado que las necesidades del pa\u00eds son enormes, y prev\u00e9 &#8220;muchos meses e incluso a\u00f1os de respuesta&#8221;.<\/p>\n\n\n\n<p>Por la noche del s\u00e1bado, las cadenas de televisi\u00f3n marroqu\u00edes difundieron im\u00e1genes a\u00e9reas que mostraron que los poblados destrozados en la zona de Al Hauz, donde las construcciones son de arcilla.<\/p>\n\n\n\n<p>A unos pasos del ayuntamiento de Marrakech, donde partes de las murallas del siglo XII de la ciudad est\u00e1n da\u00f1adas o parcialmente derrumbadas, algunas personas recog\u00edan las mantas con las que pasaron la noche sobre el c\u00e9sped.<\/p>\n\n\n\n<p>Mar\u00eda, una turista espa\u00f1ola, pas\u00f3 la noche fuera de las estrechas calles del casco antiguo y se dispuso a &#8220;continuar su viaje con normalidad&#8221; hacia Fez, m\u00e1s al norte.<\/p>\n\n\n\n<p>Adem\u00e1s de en Marrakech y las regiones colindantes, el temblor se sinti\u00f3 en Rabat, Casablanca, Agadir o Easuira, donde muchos habitantes salieron en p\u00e1nico de sus casas en medio de la noche.<\/p>\n\n\n\n<p>Este es el terremoto m\u00e1s mort\u00edfero que golpea este reino desde el sismo que destruy\u00f3 Agadir, en la costa oeste, el 29 de febrero de 1960, cuando, casi 15.000 personas murieron, un tercio de la poblaci\u00f3n de la ciudad.<\/p>\n","protected":false},"excerpt":{"rendered":"<p>Los rescatistas aceleraron hoy la b\u00fasqueda de posibles supervivientes atrapados bajo los escombros de las localidades arrasadas en Marruecos por un violento terremoto, que ya dej\u00f3 m\u00e1s de 2.100 muertos.&hellip; <\/p>\n","protected":false},"author":6,"featured_media":86917,"comment_status":"closed","ping_status":"open","sticky":false,"template":"","format":"standard","meta":{"footnotes":""},"categories":[11],"tags":[],"class_list":["post-86913","post","type-post","status-publish","format-standard","has-post-thumbnail","hentry","category-internacionales"],"_links":{"self":[{"href":"https:\/\/corrientesdetarde.com\/index.php\/wp-json\/wp\/v2\/posts\/86913","targetHints":{"allow":["GET"]}}],"collection":[{"href":"https:\/\/corrientesdetarde.com\/index.php\/wp-json\/wp\/v2\/posts"}],"about":[{"href":"https:\/\/corrientesdetarde.com\/index.php\/wp-json\/wp\/v2\/types\/post"}],"author":[{"embeddable":true,"href":"https:\/\/corrientesdetarde.com\/index.php\/wp-json\/wp\/v2\/users\/6"}],"replies":[{"embeddable":true,"href":"https:\/\/corrientesdetarde.com\/index.php\/wp-json\/wp\/v2\/comments?post=86913"}],"version-history":[{"count":1,"href":"https:\/\/corrientesdetarde.com\/index.php\/wp-json\/wp\/v2\/posts\/86913\/revisions"}],"predecessor-version":[{"id":86918,"href":"https:\/\/corrientesdetarde.com\/index.php\/wp-json\/wp\/v2\/posts\/86913\/revisions\/86918"}],"wp:featuredmedia":[{"embeddable":true,"href":"https:\/\/corrientesdetarde.com\/index.php\/wp-json\/wp\/v2\/media\/86917"}],"wp:attachment":[{"href":"https:\/\/corrientesdetarde.com\/index.php\/wp-json\/wp\/v2\/media?parent=86913"}],"wp:term":[{"taxonomy":"category","embeddable":true,"href":"https:\/\/corrientesdetarde.com\/index.php\/wp-json\/wp\/v2\/categories?post=86913"},{"taxonomy":"post_tag","embeddable":true,"href":"https:\/\/corrientesdetarde.com\/index.php\/wp-json\/wp\/v2\/tags?post=86913"}],"curies":[{"name":"wp","href":"https:\/\/api.w.org\/{rel}","templated":true}]}}