{"id":86927,"date":"2023-09-10T22:54:01","date_gmt":"2023-09-11T01:54:01","guid":{"rendered":"https:\/\/corrientesdetarde.com\/?p=86927"},"modified":"2023-09-11T09:19:12","modified_gmt":"2023-09-11T12:19:12","slug":"pullaro-convoco-a-os-santafecinos-a-subirse-al-cambio","status":"publish","type":"post","link":"https:\/\/corrientesdetarde.com\/index.php\/politica\/pullaro-convoco-a-os-santafecinos-a-subirse-al-cambio\/","title":{"rendered":"PULLARO CONVOCO A LOS SANTAFECINOS A SUBIRSE AL CAMBIO"},"content":{"rendered":"\n<p>(TELAM) &#8211; El gobernador electo de Santa Fe, el radical Maximiliano Pullaro, llam\u00f3 esta noche en la ciudad de Rosario a \u201ccambiar la provincia&#8221; para que se ponga en l\u00ednea con &#8220;el cambio que tiene que venir a nivel nacional\u201d, tras imponerse en las elecciones generales sobre el candidato de Unidos Avancemos, Marcelo Lewandowski.<\/p>\n\n\n\n<p><\/p>\n\n\n\n<p>\u201cVamos a trabajar 24 horas los 7 d\u00edas de la semana para que los problemas de la provincia encuentren soluciones\u201d, sostuvo Pullaro.<\/p>\n\n\n\n<p>&#8220;Vamos a dejar nuestra vida estos cuatro a\u00f1os para que los santafesinos puedan vivir mejor\u201d, a\u00f1adi\u00f3.<\/p>\n\n\n\n<p>Con un amplio margen de ventaja sobre el candidato oficialista, Pullaro se mostr\u00f3 esta noche junto a la postulante a la presidencia por Juntos por el Cambio (JxC), Patricia Bullrich; el jefe de Gobierno porte\u00f1o, Horacio Rodr\u00edguez Larreta; el senador Mart\u00edn Lousteau; el economista Jos\u00e9 Luis Espert y el candidato a gobernador de Entre R\u00edos, Rogelio Frigerio.<\/p>\n\n\n\n<p>\u201cSabemos que no la estamos pasando bien, por eso hoy cuesta festejar o alegrarse en un momento donde la mayor\u00eda de los santafesinos est\u00e1 sufriendo\u201d, sostuvo el gobernador electo, actual diputado provincial y exministro de Seguridad e la provincia entre 2015-2019.<\/p>\n\n\n\n<p>Pullaro agreg\u00f3 que \u201cnuestro compromiso es que vamos a trabajar y todos los d\u00edas resolver problemas\u201d y sostuvo que \u201cestamos ante important\u00edsimos desaf\u00edos que tenemos por delante\u201d.<\/p>\n\n\n\n<p>Pullaro abraz\u00f3 al jefe de gobierno porte\u00f1o, Horacio Rodr\u00edguez Larreta, quien lo acompa\u00f1aba en ese momento en el escenario y le agradeci\u00f3, junto con Mart\u00edn Lousteu, Rogelio Frigerio y Jos\u00e9 Luis Espert, todos integrantes del ala larretista en las internas nacionales que se disputaron en Juntos por el Cambio en las elecciones Paso.<\/p>\n\n\n\n<p>Al terminar de hablar el gobernador electo, subi\u00f3 al escenario la candidata presidencial Patricia Bullrich, quien en las internas santafecinas hab\u00eda apoyado a la precandidata Carolina Losada.<\/p>\n","protected":false},"excerpt":{"rendered":"<p>(TELAM) &#8211; El gobernador electo de Santa Fe, el radical Maximiliano Pullaro, llam\u00f3 esta noche en la ciudad de Rosario a \u201ccambiar la provincia&#8221; para que se ponga en l\u00ednea&hellip; <\/p>\n","protected":false},"author":11,"featured_media":86928,"comment_status":"closed","ping_status":"open","sticky":false,"template":"","format":"standard","meta":{"footnotes":""},"categories":[3],"tags":[838,831],"class_list":["post-86927","post","type-post","status-publish","format-standard","has-post-thumbnail","hentry","category-politica","tag-pullaro","tag-santa-fe"],"_links":{"self":[{"href":"https:\/\/corrientesdetarde.com\/index.php\/wp-json\/wp\/v2\/posts\/86927","targetHints":{"allow":["GET"]}}],"collection":[{"href":"https:\/\/corrientesdetarde.com\/index.php\/wp-json\/wp\/v2\/posts"}],"about":[{"href":"https:\/\/corrientesdetarde.com\/index.php\/wp-json\/wp\/v2\/types\/post"}],"author":[{"embeddable":true,"href":"https:\/\/corrientesdetarde.com\/index.php\/wp-json\/wp\/v2\/users\/11"}],"replies":[{"embeddable":true,"href":"https:\/\/corrientesdetarde.com\/index.php\/wp-json\/wp\/v2\/comments?post=86927"}],"version-history":[{"count":2,"href":"https:\/\/corrientesdetarde.com\/index.php\/wp-json\/wp\/v2\/posts\/86927\/revisions"}],"predecessor-version":[{"id":86931,"href":"https:\/\/corrientesdetarde.com\/index.php\/wp-json\/wp\/v2\/posts\/86927\/revisions\/86931"}],"wp:featuredmedia":[{"embeddable":true,"href":"https:\/\/corrientesdetarde.com\/index.php\/wp-json\/wp\/v2\/media\/86928"}],"wp:attachment":[{"href":"https:\/\/corrientesdetarde.com\/index.php\/wp-json\/wp\/v2\/media?parent=86927"}],"wp:term":[{"taxonomy":"category","embeddable":true,"href":"https:\/\/corrientesdetarde.com\/index.php\/wp-json\/wp\/v2\/categories?post=86927"},{"taxonomy":"post_tag","embeddable":true,"href":"https:\/\/corrientesdetarde.com\/index.php\/wp-json\/wp\/v2\/tags?post=86927"}],"curies":[{"name":"wp","href":"https:\/\/api.w.org\/{rel}","templated":true}]}}