{"id":87000,"date":"2023-09-11T11:03:52","date_gmt":"2023-09-11T14:03:52","guid":{"rendered":"https:\/\/corrientesdetarde.com\/?p=87000"},"modified":"2023-09-11T11:03:57","modified_gmt":"2023-09-11T14:03:57","slug":"corrientes-registro-2-casos-nuevos-de-coronavirus-2","status":"publish","type":"post","link":"https:\/\/corrientesdetarde.com\/index.php\/bienestar-y-salud\/corrientes-registro-2-casos-nuevos-de-coronavirus-2\/","title":{"rendered":"Corrientes registr\u00f3 2 casos nuevos de Coronavirus"},"content":{"rendered":"\n<p>El informe epidemiol\u00f3gico de la provincia de Corrientes registr\u00f3 2 casos nuevos de Coronavirus en Capital,&nbsp; al haberse analizado 95 muestras en toda la provincia.&nbsp;<\/p>\n\n\n\n<p>La cifra de casos activos se actualiza a 12 y los acumulados en 198.085 en todo el territorio provincial, al 11 de septiembre de 2023, con 2.123.708 testeos realizados desde que inici\u00f3 la pandemia y 196.093 recuperados; mientras que son 2.179 los fallecidos acumulados.<\/p>\n\n\n\n<p><strong>Hospital de Campa\u00f1a<\/strong><\/p>\n\n\n\n<p>Desde el Hospital de Campa\u00f1a \u201cEscuela Hogar\u201d detallaron que a la fecha (11 de septiembre), hay 4 pacientes internados con resultado positivo para Covid-19, 3 en Cl\u00ednica General, cl\u00ednicamente estable y 1 en la Unidad de Terapia Intensiva, con respiraci\u00f3n mec\u00e1nica asistida y pron\u00f3stico reservado.<\/p>\n\n\n\n<p>Est\u00e1 ocupado el 0.33% de los respiradores.<\/p>\n\n\n\n<figure class=\"wp-block-image size-large\"><img loading=\"lazy\" decoding=\"async\" width=\"895\" height=\"1024\" src=\"https:\/\/corrientesdetarde.com\/wp-content\/uploads\/2023\/09\/image-199-895x1024.png\" alt=\"\" class=\"wp-image-87009\" srcset=\"https:\/\/corrientesdetarde.com\/wp-content\/uploads\/2023\/09\/image-199-895x1024.png 895w, https:\/\/corrientesdetarde.com\/wp-content\/uploads\/2023\/09\/image-199-262x300.png 262w, https:\/\/corrientesdetarde.com\/wp-content\/uploads\/2023\/09\/image-199-768x879.png 768w, https:\/\/corrientesdetarde.com\/wp-content\/uploads\/2023\/09\/image-199-1342x1536.png 1342w, https:\/\/corrientesdetarde.com\/wp-content\/uploads\/2023\/09\/image-199.png 1398w\" sizes=\"auto, (max-width: 895px) 100vw, 895px\" \/><\/figure>\n","protected":false},"excerpt":{"rendered":"<p>El informe epidemiol\u00f3gico de la provincia de Corrientes registr\u00f3 2 casos nuevos de Coronavirus en Capital,&nbsp; al haberse analizado 95 muestras en toda la provincia.&nbsp; La cifra de casos activos&hellip; <\/p>\n","protected":false},"author":1,"featured_media":87010,"comment_status":"closed","ping_status":"open","sticky":false,"template":"","format":"standard","meta":{"footnotes":""},"categories":[16],"tags":[],"class_list":["post-87000","post","type-post","status-publish","format-standard","has-post-thumbnail","hentry","category-bienestar-y-salud"],"_links":{"self":[{"href":"https:\/\/corrientesdetarde.com\/index.php\/wp-json\/wp\/v2\/posts\/87000","targetHints":{"allow":["GET"]}}],"collection":[{"href":"https:\/\/corrientesdetarde.com\/index.php\/wp-json\/wp\/v2\/posts"}],"about":[{"href":"https:\/\/corrientesdetarde.com\/index.php\/wp-json\/wp\/v2\/types\/post"}],"author":[{"embeddable":true,"href":"https:\/\/corrientesdetarde.com\/index.php\/wp-json\/wp\/v2\/users\/1"}],"replies":[{"embeddable":true,"href":"https:\/\/corrientesdetarde.com\/index.php\/wp-json\/wp\/v2\/comments?post=87000"}],"version-history":[{"count":1,"href":"https:\/\/corrientesdetarde.com\/index.php\/wp-json\/wp\/v2\/posts\/87000\/revisions"}],"predecessor-version":[{"id":87011,"href":"https:\/\/corrientesdetarde.com\/index.php\/wp-json\/wp\/v2\/posts\/87000\/revisions\/87011"}],"wp:featuredmedia":[{"embeddable":true,"href":"https:\/\/corrientesdetarde.com\/index.php\/wp-json\/wp\/v2\/media\/87010"}],"wp:attachment":[{"href":"https:\/\/corrientesdetarde.com\/index.php\/wp-json\/wp\/v2\/media?parent=87000"}],"wp:term":[{"taxonomy":"category","embeddable":true,"href":"https:\/\/corrientesdetarde.com\/index.php\/wp-json\/wp\/v2\/categories?post=87000"},{"taxonomy":"post_tag","embeddable":true,"href":"https:\/\/corrientesdetarde.com\/index.php\/wp-json\/wp\/v2\/tags?post=87000"}],"curies":[{"name":"wp","href":"https:\/\/api.w.org\/{rel}","templated":true}]}}