{"id":87023,"date":"2023-09-11T14:00:33","date_gmt":"2023-09-11T17:00:33","guid":{"rendered":"https:\/\/corrientesdetarde.com\/?p=87023"},"modified":"2023-09-11T14:00:45","modified_gmt":"2023-09-11T17:00:45","slug":"valdes-celebro-el-triunfo-del-radicalismo-en-santa-fe-y-vaticino-igual-resultado-para-patricia-bullrich-en-la-nacion","status":"publish","type":"post","link":"https:\/\/corrientesdetarde.com\/index.php\/politica\/valdes-celebro-el-triunfo-del-radicalismo-en-santa-fe-y-vaticino-igual-resultado-para-patricia-bullrich-en-la-nacion\/","title":{"rendered":"Vald\u00e9s celebr\u00f3 el triunfo del radicalismo en Santa Fe y vaticin\u00f3 igual resultado para Patricia Bullrich en la Naci\u00f3n"},"content":{"rendered":"\n<p>El gobernador Gustavo Vald\u00e9s se refiri\u00f3 este lunes al triunfo de Juntos&nbsp; por el Cambio en la provincia de Santa Fe en la v\u00edspera, afirmando que, de este modo, &#8220;vamos a poder avanzar en proyectos que estaban un poco truncos&#8221; en materia de infraestructura de conectividad, pero consider\u00f3 que ello depender\u00e1 de qui\u00e9n sea el pr\u00f3ximo presidente de la Naci\u00f3n, advirtiendo que &#8220;una de las propuestas es que no haya obra p\u00fablica&#8221;. No obstante, se mostr\u00f3 confiado en un triunfo de Patricia Bullrich en primera vuelta, porque &#8220;est\u00e1 creciendo mucho&#8221; y asegur\u00f3 que de ser as\u00ed, Corrientes se ver\u00e1 beneficiada en materia de integraci\u00f3n regional, merced a &#8220;un trabajo en com\u00fan y un verdadero cambio&#8221;, aclarando que &#8220;nosotros queremos que haya obra p\u00fablica&#8221;. En este sentido, el mandatario correntino tambi\u00e9n augura un triunfo del radical Leandro Zdero en Chaco el pr\u00f3ximo domingo.<\/p>\n\n\n\n<p>Al ingresar este lunes a Casa de Gobierno, el Gobernador fue consultado por la prensa sobre el triunfo de Maximiliano Pullaro. &#8220;Era un triunfo que lo esper\u00e1bamos mucho, un triunfo radical despu\u00e9s de 60 a\u00f1os (como gobernador de Santa Fe) y volvemos a trabajar conjuntamente, ayer me comuniqu\u00e9 con \u00e9l para felicitarlo&#8221;, respondi\u00f3 al respecto.<\/p>\n\n\n\n<p>Vald\u00e9s indic\u00f3 que &#8220;las encuestas eran muy alentadoras, Maxi Pullaro es un gran militante de la Uni\u00f3n C\u00edvica Radical, un cuadro que viene trabajando en el partido hace m\u00e1s de 40 a\u00f1os y despu\u00e9s de mucho tiempo, de llevar su propuesta, de trabajar como ministro (de Seguridad) de la provincia y electo por el pueblo santafecino con casi 60 por ciento de los votos, (se convierte en gobernador) por eso reitero mis felicitaciones p\u00fablicas para \u00e9l y todo su equipo de trabajo con todos los partidos que componen nuestro frente pol\u00edtico en Santa Fe&#8221;.<\/p>\n\n\n\n<p>Con este nuevo escenario, el gobernador de Corrientes dijo que &#8220;vamos a poder avanzar en proyectos que estaban un poco truncos, como por ejemplo la uni\u00f3n que queremos tener por balsa desde Bella Vista para poder trabajar en otros proyectos conjuntos, tambi\u00e9n el puente Goya-Reconquista o el de Avellaneda-Lavalle, pero bueno, tambi\u00e9n tenemos que ver cu\u00e1l es el signo pol\u00edtico (en la Naci\u00f3n), porque una de las propuestas es que no haya obra p\u00fablica y nosotros queremos que haya obra p\u00fablica y queremos tener la posibilidad de incorporar esa obra de infraestructura que es realmente vital para las provincias de Corrientes y Santa F\u00e9, y as\u00ed poder unir a ambas mediante un puente&#8221;.<\/p>\n\n\n\n<p>&#8220;Tener un gobierno en Santa Fe, implica que nosotros podamos unirnos m\u00e1s y trabajar en conjunto con esa provincia. Ahora esperamos tener un triunfo en la provincia de Chaco, ah\u00ed s\u00ed vamos a tener mayor cercan\u00eda, mayor trabajo en com\u00fan, y seguir empujando para que haya un verdadero cambio en la Rep\u00fablica Argentina&#8221;, sostuvo Vald\u00e9s para sostener su apuesta a Juntos por el Cambio, asegurando que su candidata a Presidente, Patricia Bullrich, &#8220;est\u00e1 creciendo mucho y probablemente gane en primera vuelta&#8221;, seg\u00fan encuestas a las que pudo acceder.<\/p>\n\n\n\n<p>Cabe resaltar que este domingo a la noche, ni bien conocidos los resultados en la provincia de Santa Fe, la cual eligi\u00f3 gobernador, intendentes y legisladores, Vald\u00e9s expres\u00f3 desde sus redes sociales sus felicitaciones, tanto a Pullaro como al reelecto intendente de la ciudad de Rosario, Pablo Javkin.<\/p>\n\n\n\n<figure class=\"wp-block-image size-large\"><img loading=\"lazy\" decoding=\"async\" width=\"1024\" height=\"1024\" src=\"https:\/\/corrientesdetarde.com\/wp-content\/uploads\/2023\/09\/WhatsApp-Image-2023-09-10-at-22.46.46-1024x1024.jpeg\" alt=\"\" class=\"wp-image-87024\" srcset=\"https:\/\/corrientesdetarde.com\/wp-content\/uploads\/2023\/09\/WhatsApp-Image-2023-09-10-at-22.46.46.jpeg 1024w, https:\/\/corrientesdetarde.com\/wp-content\/uploads\/2023\/09\/WhatsApp-Image-2023-09-10-at-22.46.46-300x300.jpeg 300w, https:\/\/corrientesdetarde.com\/wp-content\/uploads\/2023\/09\/WhatsApp-Image-2023-09-10-at-22.46.46-150x150.jpeg 150w, https:\/\/corrientesdetarde.com\/wp-content\/uploads\/2023\/09\/WhatsApp-Image-2023-09-10-at-22.46.46-768x768.jpeg 768w\" sizes=\"auto, (max-width: 1024px) 100vw, 1024px\" \/><\/figure>\n\n\n\n<figure class=\"wp-block-image size-large\"><img loading=\"lazy\" decoding=\"async\" width=\"1024\" height=\"1024\" src=\"https:\/\/corrientesdetarde.com\/wp-content\/uploads\/2023\/09\/WhatsApp-Image-2023-09-10-at-20.33.54-1024x1024.jpeg\" alt=\"\" class=\"wp-image-87025\" srcset=\"https:\/\/corrientesdetarde.com\/wp-content\/uploads\/2023\/09\/WhatsApp-Image-2023-09-10-at-20.33.54.jpeg 1024w, https:\/\/corrientesdetarde.com\/wp-content\/uploads\/2023\/09\/WhatsApp-Image-2023-09-10-at-20.33.54-300x300.jpeg 300w, https:\/\/corrientesdetarde.com\/wp-content\/uploads\/2023\/09\/WhatsApp-Image-2023-09-10-at-20.33.54-150x150.jpeg 150w, https:\/\/corrientesdetarde.com\/wp-content\/uploads\/2023\/09\/WhatsApp-Image-2023-09-10-at-20.33.54-768x768.jpeg 768w\" sizes=\"auto, (max-width: 1024px) 100vw, 1024px\" \/><\/figure>\n","protected":false},"excerpt":{"rendered":"<p>El gobernador Gustavo Vald\u00e9s se refiri\u00f3 este lunes al triunfo de Juntos&nbsp; por el Cambio en la provincia de Santa Fe en la v\u00edspera, afirmando que, de este modo, &#8220;vamos&hellip; <\/p>\n","protected":false},"author":8,"featured_media":87026,"comment_status":"closed","ping_status":"open","sticky":false,"template":"","format":"standard","meta":{"footnotes":""},"categories":[3],"tags":[],"class_list":["post-87023","post","type-post","status-publish","format-standard","has-post-thumbnail","hentry","category-politica"],"_links":{"self":[{"href":"https:\/\/corrientesdetarde.com\/index.php\/wp-json\/wp\/v2\/posts\/87023","targetHints":{"allow":["GET"]}}],"collection":[{"href":"https:\/\/corrientesdetarde.com\/index.php\/wp-json\/wp\/v2\/posts"}],"about":[{"href":"https:\/\/corrientesdetarde.com\/index.php\/wp-json\/wp\/v2\/types\/post"}],"author":[{"embeddable":true,"href":"https:\/\/corrientesdetarde.com\/index.php\/wp-json\/wp\/v2\/users\/8"}],"replies":[{"embeddable":true,"href":"https:\/\/corrientesdetarde.com\/index.php\/wp-json\/wp\/v2\/comments?post=87023"}],"version-history":[{"count":1,"href":"https:\/\/corrientesdetarde.com\/index.php\/wp-json\/wp\/v2\/posts\/87023\/revisions"}],"predecessor-version":[{"id":87027,"href":"https:\/\/corrientesdetarde.com\/index.php\/wp-json\/wp\/v2\/posts\/87023\/revisions\/87027"}],"wp:featuredmedia":[{"embeddable":true,"href":"https:\/\/corrientesdetarde.com\/index.php\/wp-json\/wp\/v2\/media\/87026"}],"wp:attachment":[{"href":"https:\/\/corrientesdetarde.com\/index.php\/wp-json\/wp\/v2\/media?parent=87023"}],"wp:term":[{"taxonomy":"category","embeddable":true,"href":"https:\/\/corrientesdetarde.com\/index.php\/wp-json\/wp\/v2\/categories?post=87023"},{"taxonomy":"post_tag","embeddable":true,"href":"https:\/\/corrientesdetarde.com\/index.php\/wp-json\/wp\/v2\/tags?post=87023"}],"curies":[{"name":"wp","href":"https:\/\/api.w.org\/{rel}","templated":true}]}}