{"id":87028,"date":"2023-09-11T14:04:33","date_gmt":"2023-09-11T17:04:33","guid":{"rendered":"https:\/\/corrientesdetarde.com\/?p=87028"},"modified":"2023-09-11T14:04:38","modified_gmt":"2023-09-11T17:04:38","slug":"el-plan-de-arbolado-ya-supero-los-3-500-ejemplares-plantados","status":"publish","type":"post","link":"https:\/\/corrientesdetarde.com\/index.php\/informacion-general\/el-plan-de-arbolado-ya-supero-los-3-500-ejemplares-plantados\/","title":{"rendered":"El plan de arbolado ya super\u00f3 los 3.500 ejemplares plantados"},"content":{"rendered":"\n<p><em>\u201cSuperamos la meta fijada para este a\u00f1o\u201d, confirm\u00f3 el intendente al referirse a una de las principales acciones de gobierno contra el cambio clim\u00e1tico que tiene como objetivo llegar al final de su gesti\u00f3n con 15.000 \u00e1rboles plantados en la ciudad. Tambi\u00e9n destac\u00f3 el programa \u201cUn \u00e1rbol, un vecino\u201d, de asesoramiento y provisi\u00f3n de especie adecuada por parte del Municipio ante la demanda vecinal.<\/em><\/p>\n\n\n\n<p>En el noveno mes del a\u00f1o, la Municipalidad de la ciudad de Corrientes ya super\u00f3 la meta fijada para el 2023 en materia de plantaci\u00f3n de ejemplares en el marco del Plan de Arborizaci\u00f3n Urbana que viene desarrollando en toda la capital provincial. En principio, estaba previsto plantar 3.000 ejemplares en doce meses, pero con un mayor impulso y una fuerte labor mancomunada entre Municipio y la ciudadan\u00eda, ya se llevan plantados m\u00e1s de 3.500 ejemplares.<br>Por ello, para el a\u00f1o que viene se proyecta alcanzar los 5.000 \u00e1rboles y as\u00ed consolidar aquel compromiso inicial que fij\u00f3 para el total de los cuatro a\u00f1os de la segunda gesti\u00f3n de gobierno liderada por el intendente Eduardo Tassano. Esto es, poder totalizar en ese lapso 15.000 ejemplares plantados en la ciudad.<br>\u201cEs un plan de pol\u00edtica de Estado extendido en toda la ciudad\u201d, indic\u00f3 Tassano al referirse a las acciones desplegada por el Plan de Arbolado Urbano.<br>En este sentido, ante la meta trazada a lo largo de los cuatros a\u00f1os, el intendente destac\u00f3 la importancia de contar con la articulaci\u00f3n de diferentes entidades, delegaciones municipales y vecinos para llegar a los n\u00fameros definidos poniendo el foco en la capacitaci\u00f3n de ni\u00f1os y j\u00f3venes en materia ambientales.<br>A su vez, se refiri\u00f3 al despliegue del programa \u201cUn \u00e1rbol, un vecino\u201d, se\u00f1alando que \u201ceste es un sistema de recambio de arbolado donde el vecino nos llama cuando su \u00e1rbol est\u00e1 afectado o sin vida y ah\u00ed procedemos a sacarlo y sustituirlo. Luego nos encargamos del seguimiento del estado del mismo\u201d, indic\u00f3.<br>\u201cApuntamos a reponer el \u00e1rbol y no perder la totalidad, siempre en pos de aumentar el n\u00famero\u201d, a\u00f1adi\u00f3 y a continuaci\u00f3n resumi\u00f3: \u201cEstas acciones son un elemento de participaci\u00f3n ciudadana y de concientizaci\u00f3n\u201d.<br>En este sentido record\u00f3 que la acci\u00f3n integral se desarrolla en el marco de un programa municipal que propicia la ampliaci\u00f3n del arbolado urbano y el fortalecimiento de los viveros en la ciudad. El mismo fue definido el a\u00f1o pasado, de manera conjunta con la ciudadan\u00eda, a trav\u00e9s del primer Plan de Acci\u00f3n de Gobierno Abierto denominado \u201cConstruyendo una ciudad m\u00e1s sustentable y participativa\u201d.<br><br>NUEVAS METAS<br>\u201cEl a\u00f1o que viene buscamos plantar 5.000 \u00e1rboles con el apoyo de los vecinos y la Municipalidad\u201d, anticip\u00f3 por su parte el secretario de Ambiente y Desarrollo Sustentable, Ignacio Maldonado Yonna, al referirse a los objetivos para el 2024 en materia de arbolado. En este marco, asegur\u00f3: \u201cEste fue un a\u00f1o muy bueno en plantaci\u00f3n\u201d.<br>Tambi\u00e9n valoriz\u00f3 que los \u00e1rboles plantados en la ciudad con de especies nativas producidas en el Vivero Municipal, sea de mayor o menor tama\u00f1o. \u201cEl 60% de los \u00e1rboles que plantamos van en los sitios solicitados por los vecinos y el resto (el 40%) en los espacios p\u00fablicos de diferentes corredores urbanos, como tambi\u00e9n en los corredores requeridos por las instituciones p\u00fablicas\u201d, especific\u00f3 Maldonado Yonna.<br>Adem\u00e1s, indic\u00f3 que los vecinos que requieran acceder a la plantaci\u00f3n de \u00e1rboles en el frente de sus viviendas, pueden comunicarse con el Municipio a trav\u00e9s del 147 o Muni Bot (Whatsapp: 379-4341768). \u201cCuando recibimos los llamados para solicitar \u00e1rboles, primero se analiza el terreno para luego recurrir a la plantaci\u00f3n en los meses con menor temperatura -abril y mayo- y en el caso de los pedidos posteriores a esos meses se reprograman para cuando el suelo sea adecuado en la pr\u00f3xima campa\u00f1a\u201d, explic\u00f3 finalmente.<br><br>ARBORIZACI\u00d3N EN LA CIUDAD<br>A finales de agosto, en el marco de la conmemoraci\u00f3n del D\u00eda Nacional del Arbol, la Municipalidad de Corrientes dedic\u00f3 toda una semana a realizar plantaciones especiales en diferentes puntos de Capital, como avenidas y paseos, siempre en pos de la meta de convertir a Corrientes en una ciudad sustentable.<br>En este marco, Tassano encabez\u00f3 la plantaci\u00f3n de m\u00e1s de 200 especies en la zona de la avenida Independencia y la plaza del Mercosur, junto con estudiantes de la zona y como una manera de aportar a la concientizaci\u00f3n ambiental y revalorizar la lucha contra el cambio clim\u00e1tico.<\/p>\n\n\n\n<p>UN PILAR DE LA GESTI\u00d3N<br>El arbolado urbano representa uno de los temas pilares la gesti\u00f3n gobierno municipal y se impulsan de manera especial la arborizaci\u00f3n en espacios p\u00fablicos, complement\u00e1ndose con el programa \u201cUn \u00e1rbol, un vecino\u201d en el que los ciudadanos pueden pedir la plantaci\u00f3n en su vereda con el compromiso de su cuidado y riego.<br>Estos pueden comunicarse al 147 (atenci\u00f3n al ciudadano) o acercar una nota de solicitud a la Secretar\u00eda de Ambiente y Desarrollo Sustentable (Brasil 1251).<br>A su vez, tambi\u00e9n se llevan a cabo vinculaciones con el Vivero Municipal donde se siembra y protege a distintos ejemplares que luego son distribuidos por toda la ciudad y, por \u00faltimo, se despliega el programa de \u201cPoda de \u00e1rboles\u201d, acci\u00f3n que el Municipio realiza de manera gratuita durante los meses de invierno.<\/p>\n\n\n\n<figure class=\"wp-block-embed is-type-video is-provider-youtube wp-block-embed-youtube wp-embed-aspect-16-9 wp-has-aspect-ratio\"><div class=\"wp-block-embed__wrapper\">\n<iframe loading=\"lazy\" title=\"El plan de arbolado ya super\u00f3 los 3.500 ejemplares: \u201cEsto es pol\u00edtica de Estado\u201d, dijo Tassano\" width=\"1110\" height=\"624\" src=\"https:\/\/www.youtube.com\/embed\/TU4YVvk80o0?feature=oembed\" frameborder=\"0\" allow=\"accelerometer; autoplay; clipboard-write; encrypted-media; gyroscope; picture-in-picture; web-share\" allowfullscreen><\/iframe>\n<\/div><\/figure>\n\n\n\n<figure class=\"wp-block-image size-large\"><img loading=\"lazy\" decoding=\"async\" width=\"1024\" height=\"682\" src=\"https:\/\/corrientesdetarde.com\/wp-content\/uploads\/2023\/09\/image-204-1024x682.png\" alt=\"\" class=\"wp-image-87029\" srcset=\"https:\/\/corrientesdetarde.com\/wp-content\/uploads\/2023\/09\/image-204-1024x682.png 1024w, https:\/\/corrientesdetarde.com\/wp-content\/uploads\/2023\/09\/image-204-300x200.png 300w, https:\/\/corrientesdetarde.com\/wp-content\/uploads\/2023\/09\/image-204-768x512.png 768w, https:\/\/corrientesdetarde.com\/wp-content\/uploads\/2023\/09\/image-204.png 1280w\" sizes=\"auto, (max-width: 1024px) 100vw, 1024px\" \/><\/figure>\n\n\n\n<figure class=\"wp-block-image size-large\"><img loading=\"lazy\" decoding=\"async\" width=\"1024\" height=\"683\" src=\"https:\/\/corrientesdetarde.com\/wp-content\/uploads\/2023\/09\/image-206-1024x683.png\" alt=\"\" class=\"wp-image-87031\" srcset=\"https:\/\/corrientesdetarde.com\/wp-content\/uploads\/2023\/09\/image-206-1024x683.png 1024w, https:\/\/corrientesdetarde.com\/wp-content\/uploads\/2023\/09\/image-206-300x200.png 300w, https:\/\/corrientesdetarde.com\/wp-content\/uploads\/2023\/09\/image-206-768x512.png 768w, https:\/\/corrientesdetarde.com\/wp-content\/uploads\/2023\/09\/image-206.png 1426w\" sizes=\"auto, (max-width: 1024px) 100vw, 1024px\" \/><\/figure>\n\n\n\n<figure class=\"wp-block-image size-large\"><img loading=\"lazy\" decoding=\"async\" width=\"1024\" height=\"682\" src=\"https:\/\/corrientesdetarde.com\/wp-content\/uploads\/2023\/09\/image-205-1024x682.png\" alt=\"\" class=\"wp-image-87030\" srcset=\"https:\/\/corrientesdetarde.com\/wp-content\/uploads\/2023\/09\/image-205-1024x682.png 1024w, https:\/\/corrientesdetarde.com\/wp-content\/uploads\/2023\/09\/image-205-300x200.png 300w, https:\/\/corrientesdetarde.com\/wp-content\/uploads\/2023\/09\/image-205-768x512.png 768w, https:\/\/corrientesdetarde.com\/wp-content\/uploads\/2023\/09\/image-205.png 1280w\" sizes=\"auto, (max-width: 1024px) 100vw, 1024px\" \/><\/figure>\n\n\n\n<figure class=\"wp-block-image size-large\"><img loading=\"lazy\" decoding=\"async\" width=\"1024\" height=\"683\" src=\"https:\/\/corrientesdetarde.com\/wp-content\/uploads\/2023\/09\/image-207-1024x683.png\" alt=\"\" class=\"wp-image-87032\" srcset=\"https:\/\/corrientesdetarde.com\/wp-content\/uploads\/2023\/09\/image-207-1024x683.png 1024w, https:\/\/corrientesdetarde.com\/wp-content\/uploads\/2023\/09\/image-207-300x200.png 300w, https:\/\/corrientesdetarde.com\/wp-content\/uploads\/2023\/09\/image-207-768x512.png 768w, https:\/\/corrientesdetarde.com\/wp-content\/uploads\/2023\/09\/image-207.png 1426w\" sizes=\"auto, (max-width: 1024px) 100vw, 1024px\" \/><\/figure>\n","protected":false},"excerpt":{"rendered":"<p>\u201cSuperamos la meta fijada para este a\u00f1o\u201d, confirm\u00f3 el intendente al referirse a una de las principales acciones de gobierno contra el cambio clim\u00e1tico que tiene como objetivo llegar al&hellip; <\/p>\n","protected":false},"author":8,"featured_media":87030,"comment_status":"closed","ping_status":"open","sticky":false,"template":"","format":"standard","meta":{"footnotes":""},"categories":[1],"tags":[],"class_list":["post-87028","post","type-post","status-publish","format-standard","has-post-thumbnail","hentry","category-informacion-general"],"_links":{"self":[{"href":"https:\/\/corrientesdetarde.com\/index.php\/wp-json\/wp\/v2\/posts\/87028","targetHints":{"allow":["GET"]}}],"collection":[{"href":"https:\/\/corrientesdetarde.com\/index.php\/wp-json\/wp\/v2\/posts"}],"about":[{"href":"https:\/\/corrientesdetarde.com\/index.php\/wp-json\/wp\/v2\/types\/post"}],"author":[{"embeddable":true,"href":"https:\/\/corrientesdetarde.com\/index.php\/wp-json\/wp\/v2\/users\/8"}],"replies":[{"embeddable":true,"href":"https:\/\/corrientesdetarde.com\/index.php\/wp-json\/wp\/v2\/comments?post=87028"}],"version-history":[{"count":1,"href":"https:\/\/corrientesdetarde.com\/index.php\/wp-json\/wp\/v2\/posts\/87028\/revisions"}],"predecessor-version":[{"id":87033,"href":"https:\/\/corrientesdetarde.com\/index.php\/wp-json\/wp\/v2\/posts\/87028\/revisions\/87033"}],"wp:featuredmedia":[{"embeddable":true,"href":"https:\/\/corrientesdetarde.com\/index.php\/wp-json\/wp\/v2\/media\/87030"}],"wp:attachment":[{"href":"https:\/\/corrientesdetarde.com\/index.php\/wp-json\/wp\/v2\/media?parent=87028"}],"wp:term":[{"taxonomy":"category","embeddable":true,"href":"https:\/\/corrientesdetarde.com\/index.php\/wp-json\/wp\/v2\/categories?post=87028"},{"taxonomy":"post_tag","embeddable":true,"href":"https:\/\/corrientesdetarde.com\/index.php\/wp-json\/wp\/v2\/tags?post=87028"}],"curies":[{"name":"wp","href":"https:\/\/api.w.org\/{rel}","templated":true}]}}