{"id":87034,"date":"2023-09-11T14:08:51","date_gmt":"2023-09-11T17:08:51","guid":{"rendered":"https:\/\/corrientesdetarde.com\/?p=87034"},"modified":"2023-09-11T14:18:44","modified_gmt":"2023-09-11T17:18:44","slug":"tras-los-cambios-en-ganancias-la-cgt-ahora-mete-presion-para-que-reduzcan-la-jornada-laboral","status":"publish","type":"post","link":"https:\/\/corrientesdetarde.com\/index.php\/nacionales\/tras-los-cambios-en-ganancias-la-cgt-ahora-mete-presion-para-que-reduzcan-la-jornada-laboral\/","title":{"rendered":"Tras los cambios en Ganancias, la CGT ahora mete presi\u00f3n para que reduzcan la jornada laboral"},"content":{"rendered":"\n<p>H\u00e9ctor Daer respald\u00f3 al oficialismo por el alivio impositivo a los trabajadores. La central sindical buscar\u00e1 impulsar en el Congreso el proyecto para reducir las 48 horas semanales de trabajo.<\/p>\n\n\n\n<p>La CGT sali\u00f3 a respaldar los cambios en el<strong>&nbsp;Impuesto a las Ganancias<\/strong>&nbsp;que anunciar\u00e1 el ministro de Econom\u00eda, Sergio Massa&nbsp;y tambi\u00e9n meti\u00f3&nbsp;<strong>presi\u00f3n&nbsp;<\/strong>para avanzar en la reducci\u00f3n de la jornada laboral,&nbsp;uno de los proyectos que impulsa la central sindical. Ambas iniciativas deben tratarse en el Congreso.<\/p>\n\n\n\n<p>El cosecretario general de la CGT, H\u00e9ctor Daer,&nbsp;dijo que \u201cnadie lo puede tomar ni de oportunista ni de electoralista\u201d a Massa, al plantear que los cambios en Ganancias son \u201cun eje que tuvo a lo largo de toda su carrera pol\u00edtica\u201d.<\/p>\n\n\n\n<p>Daer dijo en una fuerte defensa del Gobierno, sobre los cambios en Ganancias: \u201cEsto es una correcci\u00f3n, pero es tambi\u00e9n el hecho de la modificaci\u00f3n estructural de lo que es este impuesto de la cuarta categor\u00eda, a trav\u00e9s de un proyecto de ley que tendr\u00e1 que ir a la C\u00e1mara de diputados, donde vamos a estar presentes en el debate\u201d.<\/p>\n\n\n\n<p>El jefe del gremio de Sanidad dijo que los cambios apuntan a que \u201cel Impuesto a las Ganancias no sea sobre el salario, sino sobre los ingresos que muchas veces se&nbsp;<strong>multiplican&nbsp;<\/strong>por varias veces los salarios de los trabajadores\u201d, en declaraciones a&nbsp;<em>Radio 10.<\/em><\/p>\n\n\n\n<h2 class=\"wp-block-heading\">Presi\u00f3n de la CGT para avanzar en la reducci\u00f3n de la jornada laboral<\/h2>\n\n\n\n<p>El cosecretario general de la CGT volvi\u00f3 a la carga por la&nbsp;<strong>reducci\u00f3n&nbsp;<\/strong>de la jornada laboral de 48 horas: \u201cNosotros lo planteamos hace rato, lo dijimos en el acto del 1\u00b0 de mayo, que esa es una tarea a seguir durante todo este tiempo, lo estuvimos hablando\u201d.<\/p>\n\n\n\n<p>Daer dijo que es una modalidad \u201cque se est\u00e1 dando en todo el mundo, as\u00ed que tambi\u00e9n seguramente ser\u00e1 algo muy pr\u00f3ximo, habr\u00e1 que encontrarle el punto, habr\u00e1 que articularlo en cada una de las actividades con los convenios colectivos porque no todas las actividades pueden actuar de la misma manera, algunas son de trabajo continuo, otras son con otras caracter\u00edsticas\u201d.<\/p>\n\n\n\n<p>El jefe del sindicato de Sanidad aclar\u00f3 que est\u00e1n&nbsp;<strong>en di\u00e1logo con el Gobierno<\/strong>&nbsp;por el proyecto: \u201cLo venimos conversando, hay varios proyectos que est\u00e1n dando vuelta tambi\u00e9n en la comisi\u00f3n de trabajo de la C\u00e1mara de diputados, as\u00ed que bueno, entre todos tenemos que congeniar y encontrar un camino que va acompasado con el mundo y con la regi\u00f3n inclusive\u201d.<\/p>\n\n\n\n<p>Daer hab\u00eda planteado en el acto del 1\u00b0 de mayo de la CGT, en un fuerte reclamo por la reducci\u00f3n de la jornada laboral, que el per\u00edodo de 48 horas semanales \u201ces una antig\u00fcedad, ya que la productividad de los trabajadores se&nbsp;<strong>multiplic\u00f3 exponencialmente,<\/strong>&nbsp;por lo que habr\u00e1 que discutir el tema y modificarlo\u201d.<\/p>\n","protected":false},"excerpt":{"rendered":"<p>H\u00e9ctor Daer respald\u00f3 al oficialismo por el alivio impositivo a los trabajadores. La central sindical buscar\u00e1 impulsar en el Congreso el proyecto para reducir las 48 horas semanales de trabajo.&hellip; <\/p>\n","protected":false},"author":8,"featured_media":87035,"comment_status":"closed","ping_status":"open","sticky":false,"template":"","format":"standard","meta":{"footnotes":""},"categories":[10],"tags":[],"class_list":["post-87034","post","type-post","status-publish","format-standard","has-post-thumbnail","hentry","category-nacionales"],"_links":{"self":[{"href":"https:\/\/corrientesdetarde.com\/index.php\/wp-json\/wp\/v2\/posts\/87034","targetHints":{"allow":["GET"]}}],"collection":[{"href":"https:\/\/corrientesdetarde.com\/index.php\/wp-json\/wp\/v2\/posts"}],"about":[{"href":"https:\/\/corrientesdetarde.com\/index.php\/wp-json\/wp\/v2\/types\/post"}],"author":[{"embeddable":true,"href":"https:\/\/corrientesdetarde.com\/index.php\/wp-json\/wp\/v2\/users\/8"}],"replies":[{"embeddable":true,"href":"https:\/\/corrientesdetarde.com\/index.php\/wp-json\/wp\/v2\/comments?post=87034"}],"version-history":[{"count":2,"href":"https:\/\/corrientesdetarde.com\/index.php\/wp-json\/wp\/v2\/posts\/87034\/revisions"}],"predecessor-version":[{"id":87045,"href":"https:\/\/corrientesdetarde.com\/index.php\/wp-json\/wp\/v2\/posts\/87034\/revisions\/87045"}],"wp:featuredmedia":[{"embeddable":true,"href":"https:\/\/corrientesdetarde.com\/index.php\/wp-json\/wp\/v2\/media\/87035"}],"wp:attachment":[{"href":"https:\/\/corrientesdetarde.com\/index.php\/wp-json\/wp\/v2\/media?parent=87034"}],"wp:term":[{"taxonomy":"category","embeddable":true,"href":"https:\/\/corrientesdetarde.com\/index.php\/wp-json\/wp\/v2\/categories?post=87034"},{"taxonomy":"post_tag","embeddable":true,"href":"https:\/\/corrientesdetarde.com\/index.php\/wp-json\/wp\/v2\/tags?post=87034"}],"curies":[{"name":"wp","href":"https:\/\/api.w.org\/{rel}","templated":true}]}}