{"id":87040,"date":"2023-09-11T14:16:04","date_gmt":"2023-09-11T17:16:04","guid":{"rendered":"https:\/\/corrientesdetarde.com\/?p=87040"},"modified":"2023-09-11T14:16:08","modified_gmt":"2023-09-11T17:16:08","slug":"donacion-de-documentos-al-archivo-de-la-provincia","status":"publish","type":"post","link":"https:\/\/corrientesdetarde.com\/index.php\/cultura\/donacion-de-documentos-al-archivo-de-la-provincia\/","title":{"rendered":"Donaci\u00f3n de documentos al Archivo de la Provincia"},"content":{"rendered":"\n<p>El presidente del Instituto de Cultura de Corrientes, Gabriel Romero, recibi\u00f3 una donaci\u00f3n de&nbsp;Ram\u00f3n Guti\u00e9rrez, del Centro de Documentaci\u00f3n de Arquitectura Latinoamericana (CEDODAL), que pasar\u00e1 a formar parte del patrimonio del Archivo de la Provincia.<\/p>\n\n\n\n<p>Un conjunto de documentos que pertenecieron a la biblioteca y archivo de Federico Palma, ilustre historiador correntino, quien se los obsequi\u00f3 al arquitecto Ram\u00f3n Guti\u00e9rrez para sus investigaciones urbanas. Y este \u00faltimo decidi\u00f3 que su destino sea el Archivo de la Provincia<\/p>\n\n\n\n<p>Contiene 5 legajos con numerosos planos, documentos relacionados a la colonizaci\u00f3n (proyectos de ley, oficina de tierras y colonizaci\u00f3n, padrones), manuscritos y hojas de peri\u00f3dicos del 1800.<\/p>\n\n\n\n<p>La documentaci\u00f3n fue entregada al Dr. Dardo Ram\u00edrez Braschi, vicedirector del Archivo de la Provincia de Corrientes.<\/p>\n\n\n\n<p>*** *** ***<\/p>\n\n\n\n<p>DECLARACI\u00d3N DE INTER\u00c9S<\/p>\n\n\n\n<p><strong>Presentaci\u00f3n del libro<\/strong><\/p>\n\n\n\n<p><strong>de tela \u201cTe quiero Iber\u00e1\u201d<\/strong><\/p>\n\n\n\n<p>El presidente del Instituto de Cultura de Corrientes,&nbsp;Gabriel Romero, recibi\u00f3 a la bibliotecaria Olga Beatriz Ocampo, con su libro de tela \u201cTe quiero Iber\u00e1\u201d, que presentar\u00e1 el pr\u00f3ximo 23 de septiembre en el marco de la Noche de las Bibliotecas Populares.<\/p>\n\n\n\n<p>Olga Beatriz Ocampo, bibliotecaria e integrante de la comisi\u00f3n directiva de la biblioteca popular Escritores Correntinos, es autora de este cuento que relata la historia de un turista que visita los esteros del Iber\u00e1 y, a trav\u00e9s de una ni\u00f1a, conoce la gran diversidad de especies que vive en este gran humedal.<\/p>\n\n\n\n<p>\u201cEs un sue\u00f1o hecho realidad, un proyecto que ten\u00edamos hace rato con un grupo de emprendedores entre los que se encuentran Nilda Meza, Mart\u00edn Damasco, Rodrigo Navarro, y contamos con la correcci\u00f3n de la escritora Laila Daitter\u201d, se\u00f1al\u00f3 Ocampo.<\/p>\n\n\n\n<p>El Instituto de Cultura declarar\u00e1 de inter\u00e9s esta obra y, a trav\u00e9s del aporte del Gobierno provincial, se trabaja para llevar adelante el a\u00f1o que viene una edici\u00f3n m\u00e1s extendida.<\/p>\n\n\n\n<figure class=\"wp-block-image size-large\"><img loading=\"lazy\" decoding=\"async\" width=\"1024\" height=\"577\" src=\"https:\/\/corrientesdetarde.com\/wp-content\/uploads\/2023\/09\/image-210-1024x577.png\" alt=\"\" class=\"wp-image-87041\" srcset=\"https:\/\/corrientesdetarde.com\/wp-content\/uploads\/2023\/09\/image-210-1024x577.png 1024w, https:\/\/corrientesdetarde.com\/wp-content\/uploads\/2023\/09\/image-210-300x169.png 300w, https:\/\/corrientesdetarde.com\/wp-content\/uploads\/2023\/09\/image-210-768x432.png 768w, https:\/\/corrientesdetarde.com\/wp-content\/uploads\/2023\/09\/image-210-1536x865.png 1536w, https:\/\/corrientesdetarde.com\/wp-content\/uploads\/2023\/09\/image-210.png 1600w\" sizes=\"auto, (max-width: 1024px) 100vw, 1024px\" \/><\/figure>\n","protected":false},"excerpt":{"rendered":"<p>El presidente del Instituto de Cultura de Corrientes, Gabriel Romero, recibi\u00f3 una donaci\u00f3n de&nbsp;Ram\u00f3n Guti\u00e9rrez, del Centro de Documentaci\u00f3n de Arquitectura Latinoamericana (CEDODAL), que pasar\u00e1 a formar parte del patrimonio&hellip; <\/p>\n","protected":false},"author":8,"featured_media":87042,"comment_status":"closed","ping_status":"open","sticky":false,"template":"","format":"standard","meta":{"footnotes":""},"categories":[15],"tags":[],"class_list":["post-87040","post","type-post","status-publish","format-standard","has-post-thumbnail","hentry","category-cultura"],"_links":{"self":[{"href":"https:\/\/corrientesdetarde.com\/index.php\/wp-json\/wp\/v2\/posts\/87040","targetHints":{"allow":["GET"]}}],"collection":[{"href":"https:\/\/corrientesdetarde.com\/index.php\/wp-json\/wp\/v2\/posts"}],"about":[{"href":"https:\/\/corrientesdetarde.com\/index.php\/wp-json\/wp\/v2\/types\/post"}],"author":[{"embeddable":true,"href":"https:\/\/corrientesdetarde.com\/index.php\/wp-json\/wp\/v2\/users\/8"}],"replies":[{"embeddable":true,"href":"https:\/\/corrientesdetarde.com\/index.php\/wp-json\/wp\/v2\/comments?post=87040"}],"version-history":[{"count":1,"href":"https:\/\/corrientesdetarde.com\/index.php\/wp-json\/wp\/v2\/posts\/87040\/revisions"}],"predecessor-version":[{"id":87043,"href":"https:\/\/corrientesdetarde.com\/index.php\/wp-json\/wp\/v2\/posts\/87040\/revisions\/87043"}],"wp:featuredmedia":[{"embeddable":true,"href":"https:\/\/corrientesdetarde.com\/index.php\/wp-json\/wp\/v2\/media\/87042"}],"wp:attachment":[{"href":"https:\/\/corrientesdetarde.com\/index.php\/wp-json\/wp\/v2\/media?parent=87040"}],"wp:term":[{"taxonomy":"category","embeddable":true,"href":"https:\/\/corrientesdetarde.com\/index.php\/wp-json\/wp\/v2\/categories?post=87040"},{"taxonomy":"post_tag","embeddable":true,"href":"https:\/\/corrientesdetarde.com\/index.php\/wp-json\/wp\/v2\/tags?post=87040"}],"curies":[{"name":"wp","href":"https:\/\/api.w.org\/{rel}","templated":true}]}}