{"id":87047,"date":"2023-09-11T15:07:55","date_gmt":"2023-09-11T18:07:55","guid":{"rendered":"https:\/\/corrientesdetarde.com\/?p=87047"},"modified":"2023-09-11T15:08:17","modified_gmt":"2023-09-11T18:08:17","slug":"los-dichos-de-la-eventual-canciller-de-milei-reactivaron-los-cruces-entre-el-oficialismo-y-juntos-por-el-cambi","status":"publish","type":"post","link":"https:\/\/corrientesdetarde.com\/index.php\/politica\/los-dichos-de-la-eventual-canciller-de-milei-reactivaron-los-cruces-entre-el-oficialismo-y-juntos-por-el-cambi\/","title":{"rendered":"Los dichos de la eventual canciller de Milei reactivaron los cruces entre el oficialismo y Juntos por el Cambio"},"content":{"rendered":"\n<p>Referentes en materia internacional de ambas coaliciones se mostraron en contra de Diana Mondino y su idea de mantener \u201cv\u00ednculos m\u00e1s estrechos\u201d con los isle\u00f1os. \u201cLo que est\u00e1 haciendo es entregar las Malvinas\u201d, cuestionaron.<\/p>\n\n\n\n<p>\u201cLos derechos de los isle\u00f1os ser\u00e1n respetados\u201d, esa fue la frase que esboz\u00f3\u00a0Diana Mondino<strong>,<\/strong>\u00a0candidata a ocupar el ministerio de Relaciones Exteriores en un eventual gobierno de<strong>\u00a0Javier Milei,<\/strong>\u00a0y que propici\u00f3 un fuerte repudio por parte de especialistas en la materia y dirigentes de peso tanto de Uni\u00f3n por la Patria como de Juntos por el Cambio.<\/p>\n\n\n\n<p>\u201cSiempre nos van a ver defendiendo los intereses nacionales de los buitres de afuera y los caranchos de adentro. Eso tambi\u00e9n se pone en juego en estas elecciones\u201d, expres\u00f3 el gobernador y candidato a la reelecci\u00f3n por el oficialismo,\u00a0<strong>Axel Kicillof<\/strong>, en declaraciones .<\/p>\n\n\n\n<p>Por su parte, el jefe de Gabinete de ministros y candidato a vicepresidente,&nbsp;<strong>Agust\u00edn Rossi<\/strong>, dijo:\u201cLo que ha dicho Mondino es un desconocimiento de lo que significa la pol\u00edtica internacional y una barbaridad porque se da en un momento donde la Argentina viene de tener un resonante triunfo diplom\u00e1tico\u201d<\/p>\n\n\n\n<p>\u201cMondino lo que est\u00e1 haciendo es entregar las Malvinas. Adem\u00e1s, incumple con la Constituci\u00f3n Nacional\u201d, a\u00f1adi\u00f3 el funcionario del Gobierno durante una entrevista con&nbsp;<em>FM La Patriada<\/em>.<\/p>\n\n\n\n<figure class=\"wp-block-image\"><img decoding=\"async\" src=\"https:\/\/tn.com.ar\/resizer\/ruBxiTUpJ17cLKKSfFs9DSqZ97c=\/767x0\/smart\/filters:format(webp)\/cloudfront-us-east-1.images.arcpublishing.com\/artear\/WMGEYV2D6RBHNLIBY2FLTU2O7A.jpg\" alt=\"Las declaraciones de Diana Mondino, virtual canciller de Javier Milei, propici\u00f3 fuertes cr\u00edticas por parte del Gobierno (Foto: Telam)\"\/><\/figure>\n\n\n\n<p>En tanto, el secretario de Malvinas, Ant\u00e1rtida y Atl\u00e1ntico Sur de la Canciller\u00eda,&nbsp;<strong>Guillermo Carmona<\/strong>, asegur\u00f3 que la posici\u00f3n de Mondino \u201camenaza la soberan\u00eda nacional\u201d y se trata de una \u201ctotal ignorancia del r\u00e9gimen constitucional argentino\u201d.<\/p>\n\n\n\n<p>\u201cPor un lado plantea el reconocimiento a los isle\u00f1os con total ignorancia del r\u00e9gimen constitucional argentino y, con sus afirmaciones, da lugar a un presunto derecho de autodeterminaci\u00f3n que la Argentina y la comunidad internacional rechazan\u201d, analiz\u00f3 Carmona en di\u00e1logo con\u00a0<em>Radio Nacional<\/em>.<\/p>\n\n\n\n<p>Mientras que el embajador argentino en Suiza,<strong>&nbsp;Gustavo Mart\u00ednez Pandiani<\/strong>, tambi\u00e9n asesor en pol\u00edtica internacional de Massa, se\u00f1al\u00f3 que \u201chay una distinci\u00f3n muy fuerte entre los intereses y los deseos de los isle\u00f1os. Hay que tener en cuenta sus intereses, y no sus deseos, dado que son una poblaci\u00f3n implantada\u201d.<\/p>\n\n\n\n<p>Por otro lado, y desde la vereda de enfrente del oficialismo, el vocero en pol\u00edtica exterior de Patricia Bullrich,&nbsp;<strong>Federico Pinedo<\/strong>, analiz\u00f3: \u201cLa Argentina siempre ha propuesto defender los \u2018intereses\u2019 de los isle\u00f1os, mientras que Gran Breta\u00f1a habla de \u2018deseos\u2019. En la Constituci\u00f3n Nacional, se estipula defender el \u2018modo de vida\u2019 de sus habitantes. En esta disputa, las palabras son importantes\u201d.<\/p>\n\n\n\n<h2 class=\"wp-block-heading\">Qu\u00e9 dijo la posible canciller de Milei sobre el reclamo de Malvinas<\/h2>\n\n\n\n<p>En di\u00e1logo con el medio brit\u00e1nico\u00a0<em>The Thelegraph<\/em>,\u00a0<strong>Diana Mondino,<\/strong>\u00a0candidata a ocupar el ministerio de Relaciones Exteriores en un eventual gobierno de<strong>\u00a0Javier Milei<\/strong>, asegur\u00f3 que mantendr\u00e1 \u201cv\u00ednculos m\u00e1s estrechos\u201d con los habitantes de Malvinas.<\/p>\n\n\n\n<p>\u201cLos derechos de los isle\u00f1os&nbsp;<strong>ser\u00e1n respetados,&nbsp;<\/strong>deben ser respetados y no se les puede faltar el respeto. El concepto de que se puede imponer a la gente lo que se puede hacer o&nbsp;<strong>lo que se debe hacer es muy feudal e ingenuo\u201d<\/strong>&nbsp;fueron las dos declaraciones que m\u00e1s resonaron.<\/p>\n\n\n\n<p>Al mismo tiempo, asegur\u00f3 que la Argentina&nbsp;<strong>debe \u201cconvertirse en un pa\u00eds normal\u201d<\/strong>&nbsp;para \u201cbuscar<strong>&nbsp;v\u00ednculos m\u00e1s estrechos\u201d<\/strong>. Las declaraciones surgieron tras ser consultada sobre el hist\u00f3rico reclamo de soberan\u00eda sobre las Islas Malvinas, Georgias del Sur y Sandwich del Sur que mantiene el pa\u00eds con Gran Breta\u00f1a.<\/p>\n\n\n\n<p>Por \u00faltimo, apunt\u00f3 contra Gran Breta\u00f1a y acus\u00f3 al pa\u00eds europeo de \u201cno hacer un uso razonable de los recursos que hay all\u00ed abajo\u201d.<\/p>\n","protected":false},"excerpt":{"rendered":"<p>Referentes en materia internacional de ambas coaliciones se mostraron en contra de Diana Mondino y su idea de mantener \u201cv\u00ednculos m\u00e1s estrechos\u201d con los isle\u00f1os. \u201cLo que est\u00e1 haciendo es&hellip; <\/p>\n","protected":false},"author":8,"featured_media":87048,"comment_status":"closed","ping_status":"open","sticky":false,"template":"","format":"standard","meta":{"footnotes":""},"categories":[3],"tags":[],"class_list":["post-87047","post","type-post","status-publish","format-standard","has-post-thumbnail","hentry","category-politica"],"_links":{"self":[{"href":"https:\/\/corrientesdetarde.com\/index.php\/wp-json\/wp\/v2\/posts\/87047","targetHints":{"allow":["GET"]}}],"collection":[{"href":"https:\/\/corrientesdetarde.com\/index.php\/wp-json\/wp\/v2\/posts"}],"about":[{"href":"https:\/\/corrientesdetarde.com\/index.php\/wp-json\/wp\/v2\/types\/post"}],"author":[{"embeddable":true,"href":"https:\/\/corrientesdetarde.com\/index.php\/wp-json\/wp\/v2\/users\/8"}],"replies":[{"embeddable":true,"href":"https:\/\/corrientesdetarde.com\/index.php\/wp-json\/wp\/v2\/comments?post=87047"}],"version-history":[{"count":2,"href":"https:\/\/corrientesdetarde.com\/index.php\/wp-json\/wp\/v2\/posts\/87047\/revisions"}],"predecessor-version":[{"id":87050,"href":"https:\/\/corrientesdetarde.com\/index.php\/wp-json\/wp\/v2\/posts\/87047\/revisions\/87050"}],"wp:featuredmedia":[{"embeddable":true,"href":"https:\/\/corrientesdetarde.com\/index.php\/wp-json\/wp\/v2\/media\/87048"}],"wp:attachment":[{"href":"https:\/\/corrientesdetarde.com\/index.php\/wp-json\/wp\/v2\/media?parent=87047"}],"wp:term":[{"taxonomy":"category","embeddable":true,"href":"https:\/\/corrientesdetarde.com\/index.php\/wp-json\/wp\/v2\/categories?post=87047"},{"taxonomy":"post_tag","embeddable":true,"href":"https:\/\/corrientesdetarde.com\/index.php\/wp-json\/wp\/v2\/tags?post=87047"}],"curies":[{"name":"wp","href":"https:\/\/api.w.org\/{rel}","templated":true}]}}