{"id":87054,"date":"2023-09-11T15:15:17","date_gmt":"2023-09-11T18:15:17","guid":{"rendered":"https:\/\/corrientesdetarde.com\/?p=87054"},"modified":"2023-09-11T15:15:21","modified_gmt":"2023-09-11T18:15:21","slug":"con-artesanias-y-musica-local-se-realizaron-las-ferias-de-emprendedores","status":"publish","type":"post","link":"https:\/\/corrientesdetarde.com\/index.php\/sociales\/con-artesanias-y-musica-local-se-realizaron-las-ferias-de-emprendedores\/","title":{"rendered":"Con artesan\u00edas y m\u00fasica local se realizaron las Ferias de Emprendedores"},"content":{"rendered":"\n<p>Con masiva participaci\u00f3n de p\u00fablico, este fin de semana, se llev\u00f3 a cabo la Expo-Emprendedora en el Paseo Iber\u00e1 y la Multiferia en el Parque el Eucaliptal organizadas por el Ministerio de Desarrollo Social de la Provincia.<br>La Direcci\u00f3n de Comercializaci\u00f3n, cuya titular es D\u00e9bora Galarza Alcaraz, tiene a su cargo la coordinaci\u00f3n de las Ferias, junto a un gran equipo de artesanos y emprendedores.<br>La Expo Emprendedora se realiz\u00f3 el s\u00e1bado 9 y el domingo 10 de septiembre en Paseo Iber\u00e1 .<br>Adem\u00e1s, de la exposici\u00f3n y muestra de artesanos y emprendedores, la Feria se destac\u00f3 por su gastronom\u00eda, los men\u00fas al paso, el patio de comida y los espect\u00e1culos art\u00edsticos.<br>Los artistas que pasaron por el escenario el d\u00eda s\u00e1bado 9 de septiembre fueron: Susana Romero e Ignacio Pay\u00e9. Mientras que el domingo 10 de septiembre se lucieron: Taller de danza del colegio Real Sociedad, Ignacio Pay\u00e9 y cerr\u00f3 el Grupo Generaci\u00f3n.<br>Distintos rubros participan de las Ferias, textil, tejido, bijouterie, talabarter\u00eda, viveros, madera, herrer\u00eda y gastronom\u00eda.<br>Asimismo la Multiferia estuvo en el Parque el Eucaliptal del barrio San Ger\u00f3nimo este Domingo 10 de septiembre de 15 a 21 con artesanos y emprendedores gastron\u00f3micos y de reventa y emprendedores del Programa Potenciar Trabajo.<\/p>\n\n\n\n<figure class=\"wp-block-image size-large\"><img loading=\"lazy\" decoding=\"async\" width=\"1024\" height=\"683\" src=\"https:\/\/corrientesdetarde.com\/wp-content\/uploads\/2023\/09\/image-216-1024x683.png\" alt=\"\" class=\"wp-image-87056\" srcset=\"https:\/\/corrientesdetarde.com\/wp-content\/uploads\/2023\/09\/image-216-1024x683.png 1024w, https:\/\/corrientesdetarde.com\/wp-content\/uploads\/2023\/09\/image-216-300x200.png 300w, https:\/\/corrientesdetarde.com\/wp-content\/uploads\/2023\/09\/image-216-768x512.png 768w, https:\/\/corrientesdetarde.com\/wp-content\/uploads\/2023\/09\/image-216-1536x1024.png 1536w, https:\/\/corrientesdetarde.com\/wp-content\/uploads\/2023\/09\/image-216.png 1599w\" sizes=\"auto, (max-width: 1024px) 100vw, 1024px\" \/><\/figure>\n\n\n\n<figure class=\"wp-block-image size-large\"><img loading=\"lazy\" decoding=\"async\" width=\"768\" height=\"1024\" src=\"https:\/\/corrientesdetarde.com\/wp-content\/uploads\/2023\/09\/image-217-768x1024.png\" alt=\"\" class=\"wp-image-87057\" srcset=\"https:\/\/corrientesdetarde.com\/wp-content\/uploads\/2023\/09\/image-217-768x1024.png 768w, https:\/\/corrientesdetarde.com\/wp-content\/uploads\/2023\/09\/image-217-225x300.png 225w, https:\/\/corrientesdetarde.com\/wp-content\/uploads\/2023\/09\/image-217-1152x1536.png 1152w, https:\/\/corrientesdetarde.com\/wp-content\/uploads\/2023\/09\/image-217.png 1536w\" sizes=\"auto, (max-width: 768px) 100vw, 768px\" \/><\/figure>\n\n\n\n<figure class=\"wp-block-image size-large\"><img loading=\"lazy\" decoding=\"async\" width=\"1024\" height=\"809\" src=\"https:\/\/corrientesdetarde.com\/wp-content\/uploads\/2023\/09\/image-218-1024x809.png\" alt=\"\" class=\"wp-image-87058\" srcset=\"https:\/\/corrientesdetarde.com\/wp-content\/uploads\/2023\/09\/image-218-1024x809.png 1024w, https:\/\/corrientesdetarde.com\/wp-content\/uploads\/2023\/09\/image-218-300x237.png 300w, https:\/\/corrientesdetarde.com\/wp-content\/uploads\/2023\/09\/image-218-768x607.png 768w, https:\/\/corrientesdetarde.com\/wp-content\/uploads\/2023\/09\/image-218.png 1367w\" sizes=\"auto, (max-width: 1024px) 100vw, 1024px\" \/><\/figure>\n\n\n\n<figure class=\"wp-block-image size-large\"><img loading=\"lazy\" decoding=\"async\" width=\"768\" height=\"1024\" src=\"https:\/\/corrientesdetarde.com\/wp-content\/uploads\/2023\/09\/image-219-768x1024.png\" alt=\"\" class=\"wp-image-87059\" srcset=\"https:\/\/corrientesdetarde.com\/wp-content\/uploads\/2023\/09\/image-219-768x1024.png 768w, https:\/\/corrientesdetarde.com\/wp-content\/uploads\/2023\/09\/image-219-225x300.png 225w, https:\/\/corrientesdetarde.com\/wp-content\/uploads\/2023\/09\/image-219-1152x1536.png 1152w, https:\/\/corrientesdetarde.com\/wp-content\/uploads\/2023\/09\/image-219.png 1536w\" sizes=\"auto, (max-width: 768px) 100vw, 768px\" \/><\/figure>\n","protected":false},"excerpt":{"rendered":"<p>Con masiva participaci\u00f3n de p\u00fablico, este fin de semana, se llev\u00f3 a cabo la Expo-Emprendedora en el Paseo Iber\u00e1 y la Multiferia en el Parque el Eucaliptal organizadas por el&hellip; <\/p>\n","protected":false},"author":8,"featured_media":87055,"comment_status":"closed","ping_status":"open","sticky":false,"template":"","format":"standard","meta":{"footnotes":""},"categories":[17],"tags":[],"class_list":["post-87054","post","type-post","status-publish","format-standard","has-post-thumbnail","hentry","category-sociales"],"_links":{"self":[{"href":"https:\/\/corrientesdetarde.com\/index.php\/wp-json\/wp\/v2\/posts\/87054","targetHints":{"allow":["GET"]}}],"collection":[{"href":"https:\/\/corrientesdetarde.com\/index.php\/wp-json\/wp\/v2\/posts"}],"about":[{"href":"https:\/\/corrientesdetarde.com\/index.php\/wp-json\/wp\/v2\/types\/post"}],"author":[{"embeddable":true,"href":"https:\/\/corrientesdetarde.com\/index.php\/wp-json\/wp\/v2\/users\/8"}],"replies":[{"embeddable":true,"href":"https:\/\/corrientesdetarde.com\/index.php\/wp-json\/wp\/v2\/comments?post=87054"}],"version-history":[{"count":1,"href":"https:\/\/corrientesdetarde.com\/index.php\/wp-json\/wp\/v2\/posts\/87054\/revisions"}],"predecessor-version":[{"id":87060,"href":"https:\/\/corrientesdetarde.com\/index.php\/wp-json\/wp\/v2\/posts\/87054\/revisions\/87060"}],"wp:featuredmedia":[{"embeddable":true,"href":"https:\/\/corrientesdetarde.com\/index.php\/wp-json\/wp\/v2\/media\/87055"}],"wp:attachment":[{"href":"https:\/\/corrientesdetarde.com\/index.php\/wp-json\/wp\/v2\/media?parent=87054"}],"wp:term":[{"taxonomy":"category","embeddable":true,"href":"https:\/\/corrientesdetarde.com\/index.php\/wp-json\/wp\/v2\/categories?post=87054"},{"taxonomy":"post_tag","embeddable":true,"href":"https:\/\/corrientesdetarde.com\/index.php\/wp-json\/wp\/v2\/tags?post=87054"}],"curies":[{"name":"wp","href":"https:\/\/api.w.org\/{rel}","templated":true}]}}