{"id":87064,"date":"2023-09-11T15:25:24","date_gmt":"2023-09-11T18:25:24","guid":{"rendered":"https:\/\/corrientesdetarde.com\/?p=87064"},"modified":"2023-09-11T15:25:37","modified_gmt":"2023-09-11T18:25:37","slug":"alerta-naranja-por-tormentas-nevadas-y-viento-zonda-que-provincias-se-veran-afectadas","status":"publish","type":"post","link":"https:\/\/corrientesdetarde.com\/index.php\/clima\/alerta-naranja-por-tormentas-nevadas-y-viento-zonda-que-provincias-se-veran-afectadas\/","title":{"rendered":"Alerta naranja por tormentas, nevadas y viento zonda: qu\u00e9 provincias se ver\u00e1n afectadas"},"content":{"rendered":"\n<p>El Servicio Meteorol\u00f3gico Nacional inform\u00f3 que este lunes 11 de septiembre ser\u00e1 una jornada de mucha actividad meteorol\u00f3gica en varias provincias.<\/p>\n\n\n\n<p>El Servicio Meteorol\u00f3gico Nacional (SMN) emiti\u00f3 un\u00a0<strong>alerta naranja por tormentas para Entre R\u00edos y alerta amarilla para m\u00e1s de 10 provincias de todo el pa\u00eds<\/strong>. Los especialistas explicaron que tambi\u00e9n rige un alerta amarilla por vientos para la tarde y la noche, por lo que se recomend\u00f3 a la poblaci\u00f3n tomar las previsiones para evitar accidentes.<\/p>\n\n\n\n<p>Entre R\u00edos estar\u00e1 afectada por&nbsp;<strong>lluvias y tormentas de intensidad fuerte o severa<\/strong>. Adem\u00e1s, las precipitaciones pueden estar acompa\u00f1adas por r\u00e1fagas intensas, actividad el\u00e9ctrica fuerte y&nbsp;<strong>ca\u00edda de granizo<\/strong>. Se espera que la precipitaci\u00f3n acumulada registre valores de entre&nbsp;<strong>20 y 50 mil\u00edmetros. Registros que pueden ser superados en zonas puntuales<\/strong>.<\/p>\n\n\n\n<figure class=\"wp-block-image\"><img decoding=\"async\" src=\"https:\/\/tn.com.ar\/resizer\/mB1yLPPD3zkvoqd4QSVH2_D5uJU=\/767x0\/smart\/filters:format(webp)\/cloudfront-us-east-1.images.arcpublishing.com\/artear\/SMGNK4S7KJEWLCTKLBU2POWPCQ.png\" alt=\"El SMN lanz\u00f3 un alerta naranja por tormentas en Entre R\u00edos y por nevada en Mendoza. Tambi\u00e9n lanzaron alertas amarillas por viento en otras provincias.\"\/><\/figure>\n\n\n\n<h2 class=\"wp-block-heading\">Alerta amarilla por tormentas en el AMBA: a qu\u00e9 otras provincias afecta<\/h2>\n\n\n\n<p>El Servicio Meteorol\u00f3gico Nacional emiti\u00f3 un alerta amarilla por fuertes tormentas tanto en el&nbsp;<strong>\u00c1rea Metropolitana de Buenos Aires como en el interior de la provincia<\/strong>. El alerta rige tambi\u00e9n para la provincia de&nbsp;<strong>Corrientes<\/strong>. Ambos estar\u00e1n acompa\u00f1ados de fuertes r\u00e1fagas de viento.<\/p>\n\n\n\n<p>En toda la provincia de Buenos Aires -tanto AMBA como interior-<strong>&nbsp;se espera que las lluvias y tormentas se den entre las 14 y las 18 aproximadamente<\/strong>. Mientras que en Corrientes se esperan las precipitaciones para la noche, acompa\u00f1adas de fuertes vientos.<\/p>\n\n\n\n<p>Seg\u00fan el SMN, la alerta amarilla indica que las regiones estar\u00e1n afectadas por tormentas aisladas de variada intensidad, acompa\u00f1adas por fuertes r\u00e1fagas, intensa actividad el\u00e9ctrica, ca\u00edda de granizo y abundante ca\u00edda de agua en cortos per\u00edodos.<strong>&nbsp;Se estiman valores de precipitaci\u00f3n acumulada entre 20 y 40 mm.<\/strong><\/p>\n\n\n\n<h2 class=\"wp-block-heading\">Alerta amarilla por vientos fuertes en todo el pa\u00eds: afecta al AMBA y a otras diez provincias<\/h2>\n\n\n\n<p>El Servicio Meteorol\u00f3gico Nacional lanz\u00f3 un alerta amarilla por vientos para la provincia de Buenos Aires -tanto AMBA como el interior-,&nbsp;<strong>Santiago del Estero, Chaco, Corrientes, Catamarca, Santa Fe, C\u00f3rdoba, La Pampa, San Luis, Entre R\u00edos&nbsp;<\/strong>yla zona este de&nbsp;<strong>La Rioja y de Mendoza.<\/strong><\/p>\n\n\n\n<p>De acuerdo al informe del SMN, las \u00e1reas se ver\u00e1n afectadas por vientos del sector sur con\u00a0<strong>velocidades de entre 35 y 50 kil\u00f3metros por hor<\/strong>a, y r\u00e1fagas de viento que pueden alcanzar los 75 kil\u00f3metros por hora.<\/p>\n\n\n\n<h2 class=\"wp-block-heading\">Alerta amarilla por viento zonda: cu\u00e1les provincias se ver\u00e1n afectadas<\/h2>\n\n\n\n<p>El Servicio Meteorol\u00f3gico Nacional tambi\u00e9n emiti\u00f3 un alerta amarilla por&nbsp;<strong>viento Zonda para Catamarca, Salta La Rioja, Jujuy y San Juan<\/strong>.<\/p>\n\n\n\n<p>El \u00e1rea ser\u00e1 afectada por vientos con&nbsp;<strong>velocidades entre 40 y 60 km\/h y r\u00e1fagas que pueden alcanzar los 80 km\/h.&nbsp;<\/strong>Este fen\u00f3meno puede provocar reducci\u00f3n significativa de la visibilidad, un repentino aumento de temperaturas y condiciones de baja humedad relativa.<\/p>\n\n\n\n<h2 class=\"wp-block-heading\">Alerta naranja por nevadas: a qu\u00e9 provincias afecta<\/h2>\n\n\n\n<p>El SMN inform\u00f3 que rige un alerta naranja para toda la&nbsp;<strong>regi\u00f3n precordillerana de<\/strong>&nbsp;<strong>Mendoza que ser\u00e1 afectada por nevadas<\/strong>&nbsp;desde la madrugada hasta, por lo menos, el mediod\u00eda de este lunes 11 de septiembre.<\/p>\n\n\n\n<p>Las zonas ser\u00e1n afectadas por nevadas fuertes y persistentes. Y est\u00e1 previsto que los valores de&nbsp;<strong>nieve acumulados puedan alcanzar entre los 100 y 180 cent\u00edmetros<\/strong>, valores que pueden ser superados en zonas puntuales.<\/p>\n\n\n\n<p>Aunque se espera que los&nbsp;<strong>mayores valores se registren en las zonas cordilleranas del centro y del sur<\/strong>&nbsp;de la provincia. Este fen\u00f3meno estar\u00e1 acompa\u00f1ado por&nbsp;<strong>vientos intensos ocasionando nieve en suspensi\u00f3n con reducci\u00f3n de visibilidad<\/strong>. Adem\u00e1s, se inform\u00f3 que hay&nbsp;<strong>alerta amarilla tambi\u00e9n por nevadas en Neuqu\u00e9n<\/strong>.<\/p>\n\n\n\n<figure class=\"wp-block-image\"><img decoding=\"async\" src=\"https:\/\/tn.com.ar\/resizer\/Uquhw_7CZ5AehK0HSCfFN0KzzvU=\/767x0\/smart\/filters:format(webp)\/cloudfront-us-east-1.images.arcpublishing.com\/artear\/LOND6RGDDBEOHPREPWGNQTFGDE.jpg\" alt=\"Mendoza se mantiene en alerta naranja por nevadas. (Foto: gentileza Mdzol)\"\/><\/figure>\n\n\n\n<h2 class=\"wp-block-heading\">Recomendaciones a tener en cuenta ante un alerta naranja por tormentas<\/h2>\n\n\n\n<ul class=\"wp-block-list\"><li><strong>Permanec\u00e9 en construcciones cerradas<\/strong>&nbsp;como casas, escuelas o edificios.<\/li><li><strong>Mantenete alejado de artefactos el\u00e9ctricos y evit\u00e1 el uso<\/strong>&nbsp;de tel\u00e9fonos con cable.<\/li><li><strong>Si est\u00e1s viajando, quedate en el interior del veh\u00edculo<\/strong>. Los autom\u00f3viles ofrecen una excelente protecci\u00f3n.<\/li><li><strong>Evit\u00e1 circular por calles inundadas<\/strong>&nbsp;o afectadas.<\/li><li>Si hay&nbsp;<strong>riesgo de que el agua ingrese en tu casa, cort\u00e1 el suministro el\u00e9ctrico<\/strong>.<\/li><li>En caso de que vos o alguien m\u00e1s se vea afectado por este fen\u00f3meno, comunicate con los organismos de emergencias locales. Ten\u00e9&nbsp;<strong>siempre lista una mochila de emergencias&nbsp;<\/strong>con linterna, radio, documentos y tel\u00e9fono.<\/li><\/ul>\n\n\n\n<h2 class=\"wp-block-heading\">Recomendaciones a tener en cuenta para prevenir accidentes por causa del viento<\/h2>\n\n\n\n<ul class=\"wp-block-list\"><li><strong>Evit\u00e1 realizar actividades<\/strong>\u00a0al aire libre.<\/li><li><strong>Asegur\u00e1 todos los elementos<\/strong>\u00a0que puedan volarse.<\/li><li>Mantenete informado por autoridades. Ten\u00e9\u00a0<strong>siempre lista una mochila de emergencias<\/strong>\u00a0con linterna, radio, documentos y tel\u00e9fono.<\/li><\/ul>\n\n\n\n<h2 class=\"wp-block-heading\">Alerta naranja por nevadas: qu\u00e9 se recomienda hacer<\/h2>\n\n\n\n<ul class=\"wp-block-list\"><li><strong>Evit\u00e1 hacer actividades<\/strong>&nbsp;al aire libre.<\/li><li>Prev\u00e9 una&nbsp;<strong>reserva adicional de v\u00edveres y agua potable<\/strong>&nbsp;en caso de abandonar tu hogar.&nbsp;<strong>Cort\u00e1 el suministro el\u00e9ctrico y el gas<\/strong>.<\/li><li><strong>Circul\u00e1 con veh\u00edculos adecuados<\/strong>&nbsp;y preparados para hielo y nieve.<\/li><li><strong>Permanec\u00e9 en tu veh\u00edculo<\/strong>, no intentes caminar para alejarte del temporal.<\/li><li>En caso de que vos u otra persona se vea afectado por este fen\u00f3meno, comunicate con los organismos de emergencias locales. Ten\u00e9 siempre lista una&nbsp;<strong>mochila de emergencias<\/strong>&nbsp;con linterna, radio, documentos y tel\u00e9fono.<\/li><\/ul>\n","protected":false},"excerpt":{"rendered":"<p>El Servicio Meteorol\u00f3gico Nacional inform\u00f3 que este lunes 11 de septiembre ser\u00e1 una jornada de mucha actividad meteorol\u00f3gica en varias provincias. El Servicio Meteorol\u00f3gico Nacional (SMN) emiti\u00f3 un\u00a0alerta naranja por&hellip; <\/p>\n","protected":false},"author":8,"featured_media":87065,"comment_status":"closed","ping_status":"open","sticky":false,"template":"","format":"standard","meta":{"footnotes":""},"categories":[29],"tags":[],"class_list":["post-87064","post","type-post","status-publish","format-standard","has-post-thumbnail","hentry","category-clima"],"_links":{"self":[{"href":"https:\/\/corrientesdetarde.com\/index.php\/wp-json\/wp\/v2\/posts\/87064","targetHints":{"allow":["GET"]}}],"collection":[{"href":"https:\/\/corrientesdetarde.com\/index.php\/wp-json\/wp\/v2\/posts"}],"about":[{"href":"https:\/\/corrientesdetarde.com\/index.php\/wp-json\/wp\/v2\/types\/post"}],"author":[{"embeddable":true,"href":"https:\/\/corrientesdetarde.com\/index.php\/wp-json\/wp\/v2\/users\/8"}],"replies":[{"embeddable":true,"href":"https:\/\/corrientesdetarde.com\/index.php\/wp-json\/wp\/v2\/comments?post=87064"}],"version-history":[{"count":1,"href":"https:\/\/corrientesdetarde.com\/index.php\/wp-json\/wp\/v2\/posts\/87064\/revisions"}],"predecessor-version":[{"id":87066,"href":"https:\/\/corrientesdetarde.com\/index.php\/wp-json\/wp\/v2\/posts\/87064\/revisions\/87066"}],"wp:featuredmedia":[{"embeddable":true,"href":"https:\/\/corrientesdetarde.com\/index.php\/wp-json\/wp\/v2\/media\/87065"}],"wp:attachment":[{"href":"https:\/\/corrientesdetarde.com\/index.php\/wp-json\/wp\/v2\/media?parent=87064"}],"wp:term":[{"taxonomy":"category","embeddable":true,"href":"https:\/\/corrientesdetarde.com\/index.php\/wp-json\/wp\/v2\/categories?post=87064"},{"taxonomy":"post_tag","embeddable":true,"href":"https:\/\/corrientesdetarde.com\/index.php\/wp-json\/wp\/v2\/tags?post=87064"}],"curies":[{"name":"wp","href":"https:\/\/api.w.org\/{rel}","templated":true}]}}