{"id":8714,"date":"2022-10-05T11:04:55","date_gmt":"2022-10-05T14:04:55","guid":{"rendered":"https:\/\/corrientesdetarde.com\/?p=8714"},"modified":"2022-10-05T11:34:17","modified_gmt":"2022-10-05T14:34:17","slug":"en-la-legislatura-se-recordara-manana-el-dia-mundial-de-la-paralisis-cerebral","status":"publish","type":"post","link":"https:\/\/corrientesdetarde.com\/index.php\/locales\/en-la-legislatura-se-recordara-manana-el-dia-mundial-de-la-paralisis-cerebral\/","title":{"rendered":"En la Legislatura, se recordar\u00e1 ma\u00f1ana el D\u00eda Mundial de la Par\u00e1lisis Cerebral"},"content":{"rendered":"\n<p>Como todos los a\u00f1os, la Fundaci\u00f3n Caminos de Amor y Esperanza se adhiere a la campa\u00f1a de concientizaci\u00f3n por el D\u00eda Mundial de la Par\u00e1lisis Cerebral que se recuerda cada 6 de octubre, decretado por la Organizaci\u00f3n Mundial de la Salud.<\/p>\n\n\n\n<p>\u201cYo decido\u201d es el lema 2022 elegido por el Movimiento ASPACE de Espa\u00f1a y hace referencia a las decisiones que toman las personas con par\u00e1lisis cerebral cada d\u00eda para llevar una vida independiente con los apoyos que necesiten.<\/p>\n\n\n\n<p>Para recordar el D\u00eda Mundial de la Par\u00e1lisis Cerebral, se invita a la comunidad en general a participar del acto que se realizar\u00e1 ma\u00f1ana jueves, 6 de octubre, a partir de las 19 horas, en la Legislatura Provincial de Corrientes.<\/p>\n\n\n\n<p>Con estas acciones se busca concientizar acerca de que tambi\u00e9n pueden vivir inclusivamente en nuestra sociedad las personas con par\u00e1lisis cerebral.<\/p>\n\n\n\n<p>El 6 de octubre se celebra en el mundo el D\u00eda Mundial de la Par\u00e1lisis Cerebral, una fecha dedicada a los pacientes con esta condici\u00f3n y a sus familias con el objetivo de visibilizar y reivindicar sus necesidades y darles el apoyo que necesitan.<\/p>\n\n\n\n<p>Las personas con par\u00e1lisis cerebral y grandes necesidades de apoyo requieren de apoyos humanos durante las 24 horas los 7 d\u00edas de la semana, para as\u00ed poder desarrollar su vida y participaci\u00f3n.<\/p>\n\n\n\n<p>Estos apoyos los reciben de profesionales y cuidadores en sus domicilios, pero tambi\u00e9n en las residencias, centros de d\u00eda o en centros ocupacionales, por ello no deben desaparecer, sino flexibilizarse para que respondan a las necesidades, deseos y preferencias de las personas.<\/p>\n\n\n\n<p>Se trata de llevar a cabo un \u201ctraje a medida\u201d con cada persona con par\u00e1lisis cerebral, en el que definamos sus necesidades de apoyo y realicemos ajustes en la atenci\u00f3n que reciben para respetar sus derechos y que puedan tomar las decisiones que las lleven a desarrollar una vida independiente.<\/p>\n","protected":false},"excerpt":{"rendered":"<p>Como todos los a\u00f1os, la Fundaci\u00f3n Caminos de Amor y Esperanza se adhiere a la campa\u00f1a de concientizaci\u00f3n por el D\u00eda Mundial de la Par\u00e1lisis Cerebral que se recuerda cada&hellip; <\/p>\n","protected":false},"author":4,"featured_media":8723,"comment_status":"closed","ping_status":"open","sticky":false,"template":"","format":"standard","meta":{"footnotes":""},"categories":[8],"tags":[],"class_list":["post-8714","post","type-post","status-publish","format-standard","has-post-thumbnail","hentry","category-locales"],"_links":{"self":[{"href":"https:\/\/corrientesdetarde.com\/index.php\/wp-json\/wp\/v2\/posts\/8714","targetHints":{"allow":["GET"]}}],"collection":[{"href":"https:\/\/corrientesdetarde.com\/index.php\/wp-json\/wp\/v2\/posts"}],"about":[{"href":"https:\/\/corrientesdetarde.com\/index.php\/wp-json\/wp\/v2\/types\/post"}],"author":[{"embeddable":true,"href":"https:\/\/corrientesdetarde.com\/index.php\/wp-json\/wp\/v2\/users\/4"}],"replies":[{"embeddable":true,"href":"https:\/\/corrientesdetarde.com\/index.php\/wp-json\/wp\/v2\/comments?post=8714"}],"version-history":[{"count":1,"href":"https:\/\/corrientesdetarde.com\/index.php\/wp-json\/wp\/v2\/posts\/8714\/revisions"}],"predecessor-version":[{"id":8724,"href":"https:\/\/corrientesdetarde.com\/index.php\/wp-json\/wp\/v2\/posts\/8714\/revisions\/8724"}],"wp:featuredmedia":[{"embeddable":true,"href":"https:\/\/corrientesdetarde.com\/index.php\/wp-json\/wp\/v2\/media\/8723"}],"wp:attachment":[{"href":"https:\/\/corrientesdetarde.com\/index.php\/wp-json\/wp\/v2\/media?parent=8714"}],"wp:term":[{"taxonomy":"category","embeddable":true,"href":"https:\/\/corrientesdetarde.com\/index.php\/wp-json\/wp\/v2\/categories?post=8714"},{"taxonomy":"post_tag","embeddable":true,"href":"https:\/\/corrientesdetarde.com\/index.php\/wp-json\/wp\/v2\/tags?post=8714"}],"curies":[{"name":"wp","href":"https:\/\/api.w.org\/{rel}","templated":true}]}}