{"id":87172,"date":"2023-09-11T22:45:24","date_gmt":"2023-09-12T01:45:24","guid":{"rendered":"https:\/\/corrientesdetarde.com\/?p=87172"},"modified":"2023-09-11T22:45:35","modified_gmt":"2023-09-12T01:45:35","slug":"el-papa-francisco-atribuyo-los-accidentes-laborales-a-la-avaricia-capitalista","status":"publish","type":"post","link":"https:\/\/corrientesdetarde.com\/index.php\/internacionales\/el-papa-francisco-atribuyo-los-accidentes-laborales-a-la-avaricia-capitalista\/","title":{"rendered":"El papa Francisco atribuy\u00f3 los accidentes laborales a la avaricia capitalista"},"content":{"rendered":"\n<p>&#8220;Las tragedias comienzan cuando el foco ya no est\u00e1 en el hombre, sino en la productividad, y el hombre se convierte en una m\u00e1quina de producci\u00f3n&#8221;, afirm\u00f3.<\/p>\n\n\n\n<p>El&nbsp;<strong>papa Francisco<\/strong>&nbsp;atribuy\u00f3 el lunes los accidentes laborales a la excesiva b\u00fasqueda de ganancias y a la &#8220;idolatr\u00eda del mercado&#8221;, en un nuevo ataque al<strong>&nbsp;capitalismo desenfrenado<\/strong>&nbsp;que llev\u00f3 a algunos cr\u00edticos de derecha a pintarlo como un radical de extrema izquierda.<\/p>\n\n\n\n<p><strong>Sus comentarios se produjeron dos semanas despu\u00e9s de que cinco trabajadores de mantenimiento ferroviario murieran atropellados por un tren en la ciudad de Brandizzo,<\/strong>&nbsp;en el norte de Italia, un accidente que fue relacionado con una presunta infracci\u00f3n de las normas de salud y seguridad.<\/p>\n\n\n\n<p>&nbsp;<strong>&#8220;Las tragedias (en el lugar de trabajo) comienzan cuando el foco ya no est\u00e1 en el hombre, sino en la productividad, y el hombre se convierte en una m\u00e1quina de producci\u00f3n&#8221;,<\/strong>&nbsp;asegur\u00f3 Francisco en un discurso ante la asociaci\u00f3n italiana de heridos en el trabajo.<\/p>\n\n\n\n<p>El Sumo Pont\u00edfice enfatiz\u00f3 que todav\u00eda estaba pensando en&nbsp;<strong>los cinco hombres asesinados en Brandizzo&nbsp;<\/strong>y&nbsp;compar\u00f3 los frecuentes informes sobre tragedias en el lugar de trabajo con un &#8220;bolet\u00edn de guerra&#8221;.&nbsp;<\/p>\n\n\n\n<p>Estos incidentes&nbsp;<strong>ocurren cuando &#8220;el trabajo se deshumaniza&#8230; y se convierte en una carrera exasperada por obtener ganancias&#8221;<\/strong>, insisti\u00f3.<\/p>\n\n\n\n<p>Critic\u00f3&nbsp;<strong>el &#8220;lavado de cuidados&#8221; por parte de empresarios y pol\u00edticos que &#8220;en lugar de invertir en seguridad (en el trabajo), prefieren lavar sus conciencias con alguna obra caritativa&#8221;, donando a las artes o al deporte.<\/strong><\/p>\n\n\n\n<p><strong>&#8220;La responsabilidad hacia los trabajadores es una prioridad: la vida no se puede comercializar por ning\u00fan motivo, especialmente si es (la vida de los) pobres, precarios y fr\u00e1giles. Somos seres humanos y no m\u00e1quinas, personas \u00fanicas y no repuestos&#8221;,<\/strong>&nbsp;afirm\u00f3.&nbsp;<\/p>\n\n\n\n<p>Poco despu\u00e9s de ser elegido en 2013,&nbsp;<strong>Francisco record\u00f3 que quer\u00eda liderar una &#8220;Iglesia pobre, para los pobres&#8221; y reiter\u00f3 varias veces que preocuparse por los necesitados no era una forma de comunismo, sino un principio del Evangelio.<\/strong><\/p>\n","protected":false},"excerpt":{"rendered":"<p>&#8220;Las tragedias comienzan cuando el foco ya no est\u00e1 en el hombre, sino en la productividad, y el hombre se convierte en una m\u00e1quina de producci\u00f3n&#8221;, afirm\u00f3. El&nbsp;papa Francisco&nbsp;atribuy\u00f3 el&hellip; <\/p>\n","protected":false},"author":4,"featured_media":87173,"comment_status":"closed","ping_status":"open","sticky":false,"template":"","format":"standard","meta":{"footnotes":""},"categories":[11],"tags":[],"class_list":["post-87172","post","type-post","status-publish","format-standard","has-post-thumbnail","hentry","category-internacionales"],"_links":{"self":[{"href":"https:\/\/corrientesdetarde.com\/index.php\/wp-json\/wp\/v2\/posts\/87172","targetHints":{"allow":["GET"]}}],"collection":[{"href":"https:\/\/corrientesdetarde.com\/index.php\/wp-json\/wp\/v2\/posts"}],"about":[{"href":"https:\/\/corrientesdetarde.com\/index.php\/wp-json\/wp\/v2\/types\/post"}],"author":[{"embeddable":true,"href":"https:\/\/corrientesdetarde.com\/index.php\/wp-json\/wp\/v2\/users\/4"}],"replies":[{"embeddable":true,"href":"https:\/\/corrientesdetarde.com\/index.php\/wp-json\/wp\/v2\/comments?post=87172"}],"version-history":[{"count":1,"href":"https:\/\/corrientesdetarde.com\/index.php\/wp-json\/wp\/v2\/posts\/87172\/revisions"}],"predecessor-version":[{"id":87174,"href":"https:\/\/corrientesdetarde.com\/index.php\/wp-json\/wp\/v2\/posts\/87172\/revisions\/87174"}],"wp:featuredmedia":[{"embeddable":true,"href":"https:\/\/corrientesdetarde.com\/index.php\/wp-json\/wp\/v2\/media\/87173"}],"wp:attachment":[{"href":"https:\/\/corrientesdetarde.com\/index.php\/wp-json\/wp\/v2\/media?parent=87172"}],"wp:term":[{"taxonomy":"category","embeddable":true,"href":"https:\/\/corrientesdetarde.com\/index.php\/wp-json\/wp\/v2\/categories?post=87172"},{"taxonomy":"post_tag","embeddable":true,"href":"https:\/\/corrientesdetarde.com\/index.php\/wp-json\/wp\/v2\/tags?post=87172"}],"curies":[{"name":"wp","href":"https:\/\/api.w.org\/{rel}","templated":true}]}}