{"id":87175,"date":"2023-09-11T22:51:26","date_gmt":"2023-09-12T01:51:26","guid":{"rendered":"https:\/\/corrientesdetarde.com\/?p=87175"},"modified":"2023-09-11T22:51:52","modified_gmt":"2023-09-12T01:51:52","slug":"prefectura-incauto-articulos-de-pesca-y-especies-de-rio","status":"publish","type":"post","link":"https:\/\/corrientesdetarde.com\/index.php\/policiales\/prefectura-incauto-articulos-de-pesca-y-especies-de-rio\/","title":{"rendered":"Prefectura incaut\u00f3 art\u00edculos de pesca y especies de r\u00edo"},"content":{"rendered":"\n<p>Personal de la Prefectura Naval Argentina, en conjunto con la Direcci\u00f3n de Recursos Naturales de \u00a0Corrientes, \u00a0delegaci\u00f3n Flora Y Fauna, decomisaron artes de pesca y especies de r\u00edo, por un valor cercano a los 900.000 pesos.<\/p>\n\n\n\n<p>Los procedimiento ocurrieron durante tareas de patrullajes fluviales y terrestres, que se llevaron a cabo entre el 9 y 10 de septiembre entre el kil\u00f3metro 1.555 y 1.118 del r\u00edo Paran\u00e1.<\/p>\n\n\n\n<p>Adem\u00e1s, durante los operativos se secuestraron un arma de fuego, un arma blanca y se labraron actas por infracci\u00f3n a la ley de pesca deportiva. Intervino en los hechos, la Fiscal\u00eda de la cuidad de Saladas, a cargo del Dr. Osvaldo Leonardo Ojeda.<\/p>\n","protected":false},"excerpt":{"rendered":"<p>Personal de la Prefectura Naval Argentina, en conjunto con la Direcci\u00f3n de Recursos Naturales de \u00a0Corrientes, \u00a0delegaci\u00f3n Flora Y Fauna, decomisaron artes de pesca y especies de r\u00edo, por un&hellip; <\/p>\n","protected":false},"author":4,"featured_media":87176,"comment_status":"closed","ping_status":"open","sticky":false,"template":"","format":"standard","meta":{"footnotes":""},"categories":[33],"tags":[],"class_list":["post-87175","post","type-post","status-publish","format-standard","has-post-thumbnail","hentry","category-policiales"],"_links":{"self":[{"href":"https:\/\/corrientesdetarde.com\/index.php\/wp-json\/wp\/v2\/posts\/87175","targetHints":{"allow":["GET"]}}],"collection":[{"href":"https:\/\/corrientesdetarde.com\/index.php\/wp-json\/wp\/v2\/posts"}],"about":[{"href":"https:\/\/corrientesdetarde.com\/index.php\/wp-json\/wp\/v2\/types\/post"}],"author":[{"embeddable":true,"href":"https:\/\/corrientesdetarde.com\/index.php\/wp-json\/wp\/v2\/users\/4"}],"replies":[{"embeddable":true,"href":"https:\/\/corrientesdetarde.com\/index.php\/wp-json\/wp\/v2\/comments?post=87175"}],"version-history":[{"count":2,"href":"https:\/\/corrientesdetarde.com\/index.php\/wp-json\/wp\/v2\/posts\/87175\/revisions"}],"predecessor-version":[{"id":87178,"href":"https:\/\/corrientesdetarde.com\/index.php\/wp-json\/wp\/v2\/posts\/87175\/revisions\/87178"}],"wp:featuredmedia":[{"embeddable":true,"href":"https:\/\/corrientesdetarde.com\/index.php\/wp-json\/wp\/v2\/media\/87176"}],"wp:attachment":[{"href":"https:\/\/corrientesdetarde.com\/index.php\/wp-json\/wp\/v2\/media?parent=87175"}],"wp:term":[{"taxonomy":"category","embeddable":true,"href":"https:\/\/corrientesdetarde.com\/index.php\/wp-json\/wp\/v2\/categories?post=87175"},{"taxonomy":"post_tag","embeddable":true,"href":"https:\/\/corrientesdetarde.com\/index.php\/wp-json\/wp\/v2\/tags?post=87175"}],"curies":[{"name":"wp","href":"https:\/\/api.w.org\/{rel}","templated":true}]}}