{"id":87179,"date":"2023-09-11T22:53:30","date_gmt":"2023-09-12T01:53:30","guid":{"rendered":"https:\/\/corrientesdetarde.com\/?p=87179"},"modified":"2023-09-11T22:53:42","modified_gmt":"2023-09-12T01:53:42","slug":"ucrania-recoge-cadaveres-rusos-en-la-carretera-de-la-muerte","status":"publish","type":"post","link":"https:\/\/corrientesdetarde.com\/index.php\/internacionales\/ucrania-recoge-cadaveres-rusos-en-la-carretera-de-la-muerte\/","title":{"rendered":"Ucrania recoge cad\u00e1veres rusos en la &#8220;carretera de la muerte&#8221;"},"content":{"rendered":"\n<p>La ruta pasa por una zona del sudeste del pa\u00eds recientemente recuperada.<\/p>\n\n\n\n<p><strong>Con m\u00e1scaras faciales, los soldados ucranianos clavaron palos en la maleza a lo largo de una carretera rural desierta, buscando los cuerpos de soldados rusos que esperaban intercambiar por sus propios camaradas,<\/strong>&nbsp;vivos y muertos.<\/p>\n\n\n\n<p>Lo llamaron&nbsp;<strong>el &#8220;camino de la muerte&#8221;<\/strong>&nbsp;por el n\u00famero de soldados rusos muertos all\u00ed cuando las fuerzas ucranianas retomaron la aldea de Blahodatne, en el sureste, al inicio de su contraofensiva en junio.<\/p>\n\n\n\n<p><strong>Tres meses despu\u00e9s, la l\u00ednea del frente se hab\u00eda desplazado hacia el sur y finalmente era lo suficientemente seguro para que el equipo de tres soldados ucranianos comenzara su operaci\u00f3n en esta parte liberada<\/strong>&nbsp;de la regi\u00f3n de Donetsk.<\/p>\n\n\n\n<p>&#8220;Vamos a buscar&#8221;, orden\u00f3 Volodymyr, un infante de marina de 50 a\u00f1os, mientras el fuego de artiller\u00eda retumbaba a lo lejos: se trataba, aclar\u00f3, de&nbsp;<strong>&#8220;buscar con los ojos y usando el olfato&#8221;.<\/strong><\/p>\n\n\n\n<p><strong>La ruta estaba salpicada de veh\u00edculos y edificios destrozados&nbsp;<\/strong>y<strong>&nbsp;<\/strong>en un momento dado, utilizaron una cuerda para tirar de un cuerpo y asegurarse de que no hubiera sido atrapado por las fuerzas rusas en retirada, revel\u00f3 un informe de la agencia de noticias Reuters.<\/p>\n\n\n\n<p><strong>&#8220;Esto es lo que hacemos. Recogemos sus cuerpos. Organizamos intercambios para nuestros prisioneros que est\u00e1n vivos. Y para los cuerpos de nuestros muchachos. Ya sabes, para que una madre pueda ir a visitar el cementerio&#8221;,&nbsp;<\/strong>fue el triste comentario de&nbsp;&nbsp;Vasylii, un voluntario de 53 a\u00f1os.<\/p>\n\n\n\n<p><strong>Rusia y Ucrania celebraron intercambios regulares de prisioneros de guerra, as\u00ed como de cad\u00e1veres de soldados muertos, desde que el Kremlin lanz\u00f3 su invasi\u00f3n a gran escala<\/strong>&nbsp;en febrero de 2022.<\/p>\n\n\n\n<p><strong>El grupo recuper\u00f3 nueve cad\u00e1veres en su b\u00fasqueda de un d\u00eda de duraci\u00f3n el viernes.&nbsp;<\/strong>Cada uno fue cargado en la parte trasera de un cami\u00f3n y llevado para un examen forense.<\/p>\n\n\n\n<p>Volodymyr explic\u00f3 que las fuerzas rusas se hab\u00edan visto obligadas a retirarse r\u00e1pidamente de Blahodatne y que la \u00fanica otra ruta de salida hab\u00eda quedado inutilizable porque estaba intensamente minada.<\/p>\n\n\n\n<p><strong>&#8220;Probablemente hubo un intercambio de disparos, pero se retiraron muy r\u00e1pidamente<\/strong>.&nbsp;Dejaron a los heridos y muertos en el camino y escaparon a Urozhaine. Pero tampoco se quedaron mucho tiempo en Urozhaine. Hubo intensos combates por Urozhaine&#8221;, coment\u00f3, refiri\u00e9ndose a una aldea cercana que luego fue retomada.<\/p>\n\n\n\n<p>Entretanto,\u00a0Ucrania inform\u00f3 que Rusia comenzar\u00e1 a movilizar a m\u00e1s reservistas\u00a0<strong>\u00a0Ucrania inform\u00f3 que Rusia comenzar\u00e1 a movilizar a m\u00e1s reservistas\u00a0para sumarlos a las filas de sus fuerzas armadas en combate.<\/strong><\/p>\n\n\n\n<h2 class=\"wp-block-heading\">Elecciones en Rusia&nbsp;<\/h2>\n\n\n\n<p><strong>En otro orden, la votaci\u00f3n regional rusa arroja un s\u00f3lido resultado para Putin en medio de acusaciones de manipulaci\u00f3nelecciones regionales y municipales ampliamente denunciadas,<\/strong>&nbsp;incluso en regiones anexadas de Ucrania<\/p>\n\n\n\n<p><strong>El Consejo de Europa, el principal grupo de derechos humanos de Europa, calific\u00f3 la votaci\u00f3n de una semana como una violaci\u00f3n flagrante del derecho internacional,<\/strong>&nbsp;mientras que Kiev y sus aliados aseguraron que se trat\u00f3 de un intento ilegal de reforzar el control de Mosc\u00fa sobre las regiones del sur y el este de Ucrania.<\/p>\n\n\n\n<h2 class=\"wp-block-heading\">&nbsp;Una visita confirmada<\/h2>\n\n\n\n<p><strong>Kim Jong Un, m\u00e1ximo l\u00edder de la Rep\u00fablica Popular Democr\u00e1tica de Corea (RPDC), visitar\u00e1 Rusia pronto a invitaci\u00f3n del presidente ruso,<\/strong>&nbsp;Vladimir Putin, informaron este lunes la oficial Agencia Central de Noticias Coreana (KCNA, siglas en ingl\u00e9s).<\/p>\n\n\n\n<p><strong>Kim, secretario general del Partido de los Trabajadores de Corea y presidente de la Cosmisi\u00f3n de Asuntos Estatales de la RPDC, se reunir\u00e1 para conversar con Putin durante la visita,<\/strong>&nbsp;se\u00f1alaron las informaciones, reproducidas por Reuters y su colega Xinhua.<\/p>\n","protected":false},"excerpt":{"rendered":"<p>La ruta pasa por una zona del sudeste del pa\u00eds recientemente recuperada. Con m\u00e1scaras faciales, los soldados ucranianos clavaron palos en la maleza a lo largo de una carretera rural&hellip; <\/p>\n","protected":false},"author":4,"featured_media":87180,"comment_status":"closed","ping_status":"open","sticky":false,"template":"","format":"standard","meta":{"footnotes":""},"categories":[11],"tags":[],"class_list":["post-87179","post","type-post","status-publish","format-standard","has-post-thumbnail","hentry","category-internacionales"],"_links":{"self":[{"href":"https:\/\/corrientesdetarde.com\/index.php\/wp-json\/wp\/v2\/posts\/87179","targetHints":{"allow":["GET"]}}],"collection":[{"href":"https:\/\/corrientesdetarde.com\/index.php\/wp-json\/wp\/v2\/posts"}],"about":[{"href":"https:\/\/corrientesdetarde.com\/index.php\/wp-json\/wp\/v2\/types\/post"}],"author":[{"embeddable":true,"href":"https:\/\/corrientesdetarde.com\/index.php\/wp-json\/wp\/v2\/users\/4"}],"replies":[{"embeddable":true,"href":"https:\/\/corrientesdetarde.com\/index.php\/wp-json\/wp\/v2\/comments?post=87179"}],"version-history":[{"count":1,"href":"https:\/\/corrientesdetarde.com\/index.php\/wp-json\/wp\/v2\/posts\/87179\/revisions"}],"predecessor-version":[{"id":87181,"href":"https:\/\/corrientesdetarde.com\/index.php\/wp-json\/wp\/v2\/posts\/87179\/revisions\/87181"}],"wp:featuredmedia":[{"embeddable":true,"href":"https:\/\/corrientesdetarde.com\/index.php\/wp-json\/wp\/v2\/media\/87180"}],"wp:attachment":[{"href":"https:\/\/corrientesdetarde.com\/index.php\/wp-json\/wp\/v2\/media?parent=87179"}],"wp:term":[{"taxonomy":"category","embeddable":true,"href":"https:\/\/corrientesdetarde.com\/index.php\/wp-json\/wp\/v2\/categories?post=87179"},{"taxonomy":"post_tag","embeddable":true,"href":"https:\/\/corrientesdetarde.com\/index.php\/wp-json\/wp\/v2\/tags?post=87179"}],"curies":[{"name":"wp","href":"https:\/\/api.w.org\/{rel}","templated":true}]}}