{"id":87285,"date":"2023-09-12T14:12:13","date_gmt":"2023-09-12T17:12:13","guid":{"rendered":"https:\/\/corrientesdetarde.com\/?p=87285"},"modified":"2023-09-12T14:12:39","modified_gmt":"2023-09-12T17:12:39","slug":"comenzaron-las-capacitaciones-a-futuros-guardavidas-de-las-playas-correntinas","status":"publish","type":"post","link":"https:\/\/corrientesdetarde.com\/index.php\/sociales\/comenzaron-las-capacitaciones-a-futuros-guardavidas-de-las-playas-correntinas\/","title":{"rendered":"Comenzaron las capacitaciones a futuros guardavidas de las playas correntinas"},"content":{"rendered":"\n<p><em>Este fin de semana, la Municipalidad de Corrientes inici\u00f3 las clases de nataci\u00f3n y rescate, que se extender\u00e1n durante septiembre y octubre. Participaron 13 postulantes, elegidos de un total de 30 que se presentaron. Habr\u00e1 una segunda convocatoria del 15 al 21 de septiembre para completar el cuerpo de 50.<\/em><\/p>\n\n\n\n<p>En el marco de los preparativos de cara a la temporada alta de playas, la Municipalidad de la ciudad de Corrientes inici\u00f3 las clases de nataci\u00f3n y rescate en la playa Arazaty para los futuros guardavidas que formar\u00e1n parte del plantel que tendr\u00e1 a su cargo el cuidado de los ba\u00f1istas.<br><br>Recientemente se realiz\u00f3 una convocatoria a la que se presentaron 30 personas, de ese total, 13 fueron seleccionadas y comenzaron a recibir capacitaci\u00f3n en nataci\u00f3n, distintas formas de rescate, utilizaci\u00f3n de elementos de rescate, protocolos de trabajo, primeros auxilios, RCP, puntos tur\u00edsticos y gastron\u00f3micos importantes de la ciudad.<br><br>Del 15 al 21 de septiembre, se realizar\u00e1 una nueva convocatoria para llegar al n\u00famero de 50 guardavidas de cara a la temporada alta de playas en la ciudad de Corrientes.<br><br>El secretario de Turismo y Deportes del municipio, Juan Enrique Braillard Poccard explic\u00f3 que \u201cesta capacitaci\u00f3n es para nuevos integrantes del cuerpo de guardavidas, ya cont\u00e1bamos con un equipo de 20 personas permanente que ha trabajado todo el a\u00f1o con esta nueva premisa del Intendente, Eduardo Tassano, ejecutada a trav\u00e9s de la Secretar\u00eda, de tener playas habilitadas todo el a\u00f1o, los fines de semana y feriados\u201d.<br><br>Asimismo, destac\u00f3 que los seleccionados corresponden a un estricto pedido del jefe comunal que apunta a garantizar la calidad f\u00edsica e intelectual de los postulantes. De manera de priorizar el cuidado del turista y el vecino en las cinco playas p\u00fablicas habilitadas de la ciudad de Corrientes.&nbsp;<br><br>Por su parte, el director de Playas, Adri\u00e1n Meza, explic\u00f3 que, \u201ca diferencia a\u00f1os anteriores este a\u00f1o hemos presentado un proyecto para que los guardavidas que ingresan est\u00e9n pr\u00e1cticamente al mismo nivel que el plantel que ya viene integrando la plantilla habitual de guardavidas de la Municipalidad, por eso se toma un examen de ingreso y se brindan distintas capacitaciones\u201d.<br><br>Se\u00f1al\u00f3 que \u201cun plantel de 50 guardavidas es el n\u00famero ideal que se considera para que puedan funcionar de manera \u00f3ptima las cinco playas de la ciudad, por ello, se realizar\u00e1 una nueva convocatoria y un nuevo curso de ingreso en el cual, estas mismas capacitaciones se van a repetir durante el mes de octubre, para que ese segundo grupo pueda ingresar a formar parte de la plantilla de guardavidas en el mes de noviembre\u201d.<br><br>De cara a la temporada estival consider\u00f3: \u201cEsperamos que esta temporada sea a\u00fan mejor que la anterior en la cual tuvimos m\u00e1s de 330. 000 visitantes, consideramos que el n\u00famero en esta temporada se va a incrementar, as\u00ed que el plantel tiene que estar a la altura\u201d.<br><br><br>PREPARATIVOS<br>\u201cYa estamos trabajando en mejorar las playas con la reparaci\u00f3n de los caminos peatonales y nuevas sombrillas para que, quienes no puedan traer sus sombrillas, puedan disfrutar de las que colocamos\u201d, indic\u00f3 el secretario de Turismo y Deportes del municipio.<br><br>Reconociendo la belleza de las playas correntinas, que fueron incluidas en un ranking de un medio nacional como \u201cla playa de r\u00edo m\u00e1s linda del pa\u00eds\u201d, el funcionario indic\u00f3 que ya se est\u00e1 trabajando para tener toda la se\u00f1al\u00e9tica en perfecto estado.<br><br>Por otra parte, haciendo referencia a la playa Pet Friendly, coment\u00f3: \u201cTenemos carteles que indican hacia donde deben ir aquellas familias a las que les encanta venir con sus mascotas a la playa, as\u00ed que tratamos de indicarle que se dirijan a la Malvinas II para el cuidado y el respeto tambi\u00e9n del que est\u00e1 al lado de uno\u201d.<br><br>Agreg\u00f3 adem\u00e1s que se ha incorporado personal de asistencia en sanitarios, este a\u00f1o para cubrir los nuevos ba\u00f1os que se incorporaron en Malvinas I y en Molina Punta.<br><br>CONVOCATORIA&nbsp;<br><br>La Municipalidad abrir\u00e1 la convocatoria para personal temporario, desde el 15 al 21 de septiembre. Entre sus principales funciones estar\u00e1n la prevenci\u00f3n y rescate de personas que se encuentren en los balnearios de la ciudad de Corrientes.<br><br>Los requisitos son los siguientes: Tener 18 a\u00f1os o m\u00e1s (excluyente); Saber nadar estilo crol y pecho (excluyente); Secundario completo (excluyente); Titulo de Profesor \/a de educaci\u00f3n f\u00edsica (no excluyente); Disponibilidad horaria por la tarde (14 a 20 h); Experiencia comprobable; y ser Personas proactivas, con iniciativa y responsabilidad.<br><br><br>La documentaci\u00f3n requerida: Certificado de aptitud f\u00edsica expedido por una Instituci\u00f3n P\u00fablica (con fecha posterior a la inscripci\u00f3n); Fotocopia certificada de T\u00edtulo Secundario (anal\u00edtico); Certificado de reincidencia expedido por el Ministerio de Justicia y Derechos Humanos (con fecha posterior a la inscripci\u00f3n).<br><br><br>INSCRIPCI\u00d3N&nbsp;<br><br>Inscripci\u00f3n para postularse como guardavida de la playa Arazaty:&nbsp;<a href=\"https:\/\/ciudaddecorrientes.us12.list-manage.com\/track\/click?u=253e4bcff71216c6af771c3c9&amp;id=d09e9dad9a&amp;e=17643edfa8\" target=\"_blank\" rel=\"noreferrer noopener\">linktr.ee\/recursoshumanoscorrientes<\/a><br><br>Para mayor informaci\u00f3n comunicarse al tel\u00e9fono de RR.HH. 379-4566978 \u25cb al correo&nbsp;<a href=\"mailto:recursoshumanos@ciudaddecorrientes.gov.ar\" target=\"_blank\" rel=\"noreferrer noopener\">recursoshumanos@ciudaddecorrientes.gov.ar<\/a><\/p>\n\n\n\n<p><em><a rel=\"noreferrer noopener\" href=\"https:\/\/ciudaddecorrientes.us12.list-manage.com\/track\/click?u=253e4bcff71216c6af771c3c9&amp;id=520adf88a0&amp;e=17643edfa8\" target=\"_blank\">Nota de TV:<\/a>\u00a0Juan Enrique Braillard Poccard,\u00a0\u00a0secretario de Turismo y Deportes &#8211; Adrian Meza, director General de Playas<\/em><\/p>\n\n\n\n<figure class=\"wp-block-image size-large\"><img loading=\"lazy\" decoding=\"async\" width=\"1024\" height=\"682\" src=\"https:\/\/corrientesdetarde.com\/wp-content\/uploads\/2023\/09\/image-247-1024x682.png\" alt=\"\" class=\"wp-image-87286\" srcset=\"https:\/\/corrientesdetarde.com\/wp-content\/uploads\/2023\/09\/image-247-1024x682.png 1024w, https:\/\/corrientesdetarde.com\/wp-content\/uploads\/2023\/09\/image-247-300x200.png 300w, https:\/\/corrientesdetarde.com\/wp-content\/uploads\/2023\/09\/image-247-768x512.png 768w, https:\/\/corrientesdetarde.com\/wp-content\/uploads\/2023\/09\/image-247.png 1280w\" sizes=\"auto, (max-width: 1024px) 100vw, 1024px\" \/><\/figure>\n\n\n\n<figure class=\"wp-block-image size-large\"><img loading=\"lazy\" decoding=\"async\" width=\"1024\" height=\"682\" src=\"https:\/\/corrientesdetarde.com\/wp-content\/uploads\/2023\/09\/image-248-1024x682.png\" alt=\"\" class=\"wp-image-87287\" srcset=\"https:\/\/corrientesdetarde.com\/wp-content\/uploads\/2023\/09\/image-248-1024x682.png 1024w, https:\/\/corrientesdetarde.com\/wp-content\/uploads\/2023\/09\/image-248-300x200.png 300w, https:\/\/corrientesdetarde.com\/wp-content\/uploads\/2023\/09\/image-248-768x512.png 768w, https:\/\/corrientesdetarde.com\/wp-content\/uploads\/2023\/09\/image-248.png 1280w\" sizes=\"auto, (max-width: 1024px) 100vw, 1024px\" \/><\/figure>\n\n\n\n<figure class=\"wp-block-image size-large\"><img loading=\"lazy\" decoding=\"async\" width=\"1024\" height=\"682\" src=\"https:\/\/corrientesdetarde.com\/wp-content\/uploads\/2023\/09\/image-249-1024x682.png\" alt=\"\" class=\"wp-image-87288\" srcset=\"https:\/\/corrientesdetarde.com\/wp-content\/uploads\/2023\/09\/image-249-1024x682.png 1024w, https:\/\/corrientesdetarde.com\/wp-content\/uploads\/2023\/09\/image-249-300x200.png 300w, https:\/\/corrientesdetarde.com\/wp-content\/uploads\/2023\/09\/image-249-768x512.png 768w, https:\/\/corrientesdetarde.com\/wp-content\/uploads\/2023\/09\/image-249.png 1280w\" sizes=\"auto, (max-width: 1024px) 100vw, 1024px\" \/><\/figure>\n\n\n\n<figure class=\"wp-block-image size-large\"><img loading=\"lazy\" decoding=\"async\" width=\"1024\" height=\"682\" src=\"https:\/\/corrientesdetarde.com\/wp-content\/uploads\/2023\/09\/image-250-1024x682.png\" alt=\"\" class=\"wp-image-87289\" srcset=\"https:\/\/corrientesdetarde.com\/wp-content\/uploads\/2023\/09\/image-250-1024x682.png 1024w, https:\/\/corrientesdetarde.com\/wp-content\/uploads\/2023\/09\/image-250-300x200.png 300w, https:\/\/corrientesdetarde.com\/wp-content\/uploads\/2023\/09\/image-250-768x512.png 768w, https:\/\/corrientesdetarde.com\/wp-content\/uploads\/2023\/09\/image-250.png 1280w\" sizes=\"auto, (max-width: 1024px) 100vw, 1024px\" \/><\/figure>\n\n\n\n<figure class=\"wp-block-image size-large\"><img loading=\"lazy\" decoding=\"async\" width=\"1024\" height=\"682\" src=\"https:\/\/corrientesdetarde.com\/wp-content\/uploads\/2023\/09\/image-251-1024x682.png\" alt=\"\" class=\"wp-image-87290\" srcset=\"https:\/\/corrientesdetarde.com\/wp-content\/uploads\/2023\/09\/image-251-1024x682.png 1024w, https:\/\/corrientesdetarde.com\/wp-content\/uploads\/2023\/09\/image-251-300x200.png 300w, https:\/\/corrientesdetarde.com\/wp-content\/uploads\/2023\/09\/image-251-768x512.png 768w, https:\/\/corrientesdetarde.com\/wp-content\/uploads\/2023\/09\/image-251.png 1280w\" sizes=\"auto, (max-width: 1024px) 100vw, 1024px\" \/><\/figure>\n\n\n\n<figure class=\"wp-block-image size-large\"><img loading=\"lazy\" decoding=\"async\" width=\"1024\" height=\"682\" src=\"https:\/\/corrientesdetarde.com\/wp-content\/uploads\/2023\/09\/image-252-1024x682.png\" alt=\"\" class=\"wp-image-87291\" srcset=\"https:\/\/corrientesdetarde.com\/wp-content\/uploads\/2023\/09\/image-252-1024x682.png 1024w, https:\/\/corrientesdetarde.com\/wp-content\/uploads\/2023\/09\/image-252-300x200.png 300w, https:\/\/corrientesdetarde.com\/wp-content\/uploads\/2023\/09\/image-252-768x512.png 768w, https:\/\/corrientesdetarde.com\/wp-content\/uploads\/2023\/09\/image-252.png 1280w\" sizes=\"auto, (max-width: 1024px) 100vw, 1024px\" \/><\/figure>\n","protected":false},"excerpt":{"rendered":"<p>Este fin de semana, la Municipalidad de Corrientes inici\u00f3 las clases de nataci\u00f3n y rescate, que se extender\u00e1n durante septiembre y octubre. Participaron 13 postulantes, elegidos de un total de&hellip; <\/p>\n","protected":false},"author":8,"featured_media":87292,"comment_status":"closed","ping_status":"open","sticky":false,"template":"","format":"standard","meta":{"footnotes":""},"categories":[17],"tags":[],"class_list":["post-87285","post","type-post","status-publish","format-standard","has-post-thumbnail","hentry","category-sociales"],"_links":{"self":[{"href":"https:\/\/corrientesdetarde.com\/index.php\/wp-json\/wp\/v2\/posts\/87285","targetHints":{"allow":["GET"]}}],"collection":[{"href":"https:\/\/corrientesdetarde.com\/index.php\/wp-json\/wp\/v2\/posts"}],"about":[{"href":"https:\/\/corrientesdetarde.com\/index.php\/wp-json\/wp\/v2\/types\/post"}],"author":[{"embeddable":true,"href":"https:\/\/corrientesdetarde.com\/index.php\/wp-json\/wp\/v2\/users\/8"}],"replies":[{"embeddable":true,"href":"https:\/\/corrientesdetarde.com\/index.php\/wp-json\/wp\/v2\/comments?post=87285"}],"version-history":[{"count":1,"href":"https:\/\/corrientesdetarde.com\/index.php\/wp-json\/wp\/v2\/posts\/87285\/revisions"}],"predecessor-version":[{"id":87293,"href":"https:\/\/corrientesdetarde.com\/index.php\/wp-json\/wp\/v2\/posts\/87285\/revisions\/87293"}],"wp:featuredmedia":[{"embeddable":true,"href":"https:\/\/corrientesdetarde.com\/index.php\/wp-json\/wp\/v2\/media\/87292"}],"wp:attachment":[{"href":"https:\/\/corrientesdetarde.com\/index.php\/wp-json\/wp\/v2\/media?parent=87285"}],"wp:term":[{"taxonomy":"category","embeddable":true,"href":"https:\/\/corrientesdetarde.com\/index.php\/wp-json\/wp\/v2\/categories?post=87285"},{"taxonomy":"post_tag","embeddable":true,"href":"https:\/\/corrientesdetarde.com\/index.php\/wp-json\/wp\/v2\/tags?post=87285"}],"curies":[{"name":"wp","href":"https:\/\/api.w.org\/{rel}","templated":true}]}}