{"id":87294,"date":"2023-09-12T14:16:51","date_gmt":"2023-09-12T17:16:51","guid":{"rendered":"https:\/\/corrientesdetarde.com\/?p=87294"},"modified":"2023-09-12T14:17:03","modified_gmt":"2023-09-12T17:17:03","slug":"puesta-en-valor-de-la-plaza-libertad-se-realizo-la-apertura-de-sobres-para-su-licitacion","status":"publish","type":"post","link":"https:\/\/corrientesdetarde.com\/index.php\/informacion-general\/puesta-en-valor-de-la-plaza-libertad-se-realizo-la-apertura-de-sobres-para-su-licitacion\/","title":{"rendered":"Puesta en valor de la Plaza Libertad: se realiz\u00f3 la apertura de sobres para su licitaci\u00f3n"},"content":{"rendered":"\n<p>El Ministerio de Hacienda de Corrientes, a trav\u00e9s de la Subunidad Ejecutora Provincial, llev\u00f3 adelante este martes la apertura de sobres para la licitaci\u00f3n de la primera etapa de los trabajos tendientes a la puesta en valor de la Plaza Libertad de Capital. En la oportunidad, se presentaron tres empresas oferentes y en tres semanas se definir\u00e1 la firma que ser\u00e1 adjudicada a la misma obra. El acto tuvo lugar&nbsp;en el Sal\u00f3n Verde de Casa de Gobierno.<\/p>\n\n\n\n<p>Cabe recordar que el mencionado paseo verde est\u00e1 ubicado en el barrio Libertad y se encuentra entre calles San Mart\u00edn, Hip\u00f3lito Yrigoyen, Brasil y Per\u00fa.<\/p>\n\n\n\n<p><strong>Las obras<\/strong><\/p>\n\n\n\n<p>En esta primer etapa de obras, (que tendr\u00e1 un plazo de ejecuci\u00f3n de 150 d\u00edas y se prev\u00e9 su inicio para noviembre de este a\u00f1o), se mantendr\u00e1 la traza de la misma plaza, mejorando el ancho de las circulaciones, colocando un piso gris mara fiamatado, m\u00e1s instalaciones en el sistema de riego, luces led, \u00e1rea de juegos infantiles y de mayores.<\/p>\n\n\n\n<p>Por calle Roca, se construir\u00e1n tres unidades para estacionamiento y carga de autos el\u00e9ctricos; en tanto, las d\u00e1rsenas -donde actualmente paran los colectivos urbanos- contar\u00e1n&nbsp;con una cubierta distinta, acomodada al dise\u00f1o hist\u00f3rico que ten\u00eda la plaza cuando funcionaba la estaci\u00f3n de tren. Por otra parte, por San Mart\u00edn, se colocar\u00e1n adoquinados y bolardos, para generar una circulaci\u00f3n m\u00e1s lenta.<\/p>\n\n\n\n<p>En una segunda etapa, se prev\u00e9, en el centro de la plaza, el emplazamiento de monumentos hist\u00f3ricos en honor a pr\u00f3ceres correntinos que lucharon por la libertad de Corrientes, los cuales alcanzar\u00e1n una altura cercana a los 15m.<\/p>\n\n\n\n<figure class=\"wp-block-image size-large\"><img loading=\"lazy\" decoding=\"async\" width=\"1024\" height=\"683\" src=\"https:\/\/corrientesdetarde.com\/wp-content\/uploads\/2023\/09\/image-253-1024x683.png\" alt=\"\" class=\"wp-image-87295\" srcset=\"https:\/\/corrientesdetarde.com\/wp-content\/uploads\/2023\/09\/image-253-1024x683.png 1024w, https:\/\/corrientesdetarde.com\/wp-content\/uploads\/2023\/09\/image-253-300x200.png 300w, https:\/\/corrientesdetarde.com\/wp-content\/uploads\/2023\/09\/image-253-768x512.png 768w, https:\/\/corrientesdetarde.com\/wp-content\/uploads\/2023\/09\/image-253.png 1200w\" sizes=\"auto, (max-width: 1024px) 100vw, 1024px\" \/><\/figure>\n\n\n\n<figure class=\"wp-block-image size-large\"><img loading=\"lazy\" decoding=\"async\" width=\"1024\" height=\"683\" src=\"https:\/\/corrientesdetarde.com\/wp-content\/uploads\/2023\/09\/image-254-1024x683.png\" alt=\"\" class=\"wp-image-87296\" srcset=\"https:\/\/corrientesdetarde.com\/wp-content\/uploads\/2023\/09\/image-254-1024x683.png 1024w, https:\/\/corrientesdetarde.com\/wp-content\/uploads\/2023\/09\/image-254-300x200.png 300w, https:\/\/corrientesdetarde.com\/wp-content\/uploads\/2023\/09\/image-254-768x512.png 768w, https:\/\/corrientesdetarde.com\/wp-content\/uploads\/2023\/09\/image-254.png 1200w\" sizes=\"auto, (max-width: 1024px) 100vw, 1024px\" \/><\/figure>\n\n\n\n<figure class=\"wp-block-image size-large\"><img loading=\"lazy\" decoding=\"async\" width=\"1024\" height=\"683\" src=\"https:\/\/corrientesdetarde.com\/wp-content\/uploads\/2023\/09\/image-255-1024x683.png\" alt=\"\" class=\"wp-image-87297\" srcset=\"https:\/\/corrientesdetarde.com\/wp-content\/uploads\/2023\/09\/image-255-1024x683.png 1024w, https:\/\/corrientesdetarde.com\/wp-content\/uploads\/2023\/09\/image-255-300x200.png 300w, https:\/\/corrientesdetarde.com\/wp-content\/uploads\/2023\/09\/image-255-768x512.png 768w, https:\/\/corrientesdetarde.com\/wp-content\/uploads\/2023\/09\/image-255.png 1200w\" sizes=\"auto, (max-width: 1024px) 100vw, 1024px\" \/><\/figure>\n\n\n\n<figure class=\"wp-block-image size-large\"><img loading=\"lazy\" decoding=\"async\" width=\"1024\" height=\"683\" src=\"https:\/\/corrientesdetarde.com\/wp-content\/uploads\/2023\/09\/image-256-1024x683.png\" alt=\"\" class=\"wp-image-87298\" srcset=\"https:\/\/corrientesdetarde.com\/wp-content\/uploads\/2023\/09\/image-256-1024x683.png 1024w, https:\/\/corrientesdetarde.com\/wp-content\/uploads\/2023\/09\/image-256-300x200.png 300w, https:\/\/corrientesdetarde.com\/wp-content\/uploads\/2023\/09\/image-256-768x512.png 768w, https:\/\/corrientesdetarde.com\/wp-content\/uploads\/2023\/09\/image-256.png 1200w\" sizes=\"auto, (max-width: 1024px) 100vw, 1024px\" \/><\/figure>\n\n\n\n<p><\/p>\n","protected":false},"excerpt":{"rendered":"<p>El Ministerio de Hacienda de Corrientes, a trav\u00e9s de la Subunidad Ejecutora Provincial, llev\u00f3 adelante este martes la apertura de sobres para la licitaci\u00f3n de la primera etapa de los&hellip; <\/p>\n","protected":false},"author":8,"featured_media":87299,"comment_status":"closed","ping_status":"open","sticky":false,"template":"","format":"standard","meta":{"footnotes":""},"categories":[1],"tags":[],"class_list":["post-87294","post","type-post","status-publish","format-standard","has-post-thumbnail","hentry","category-informacion-general"],"_links":{"self":[{"href":"https:\/\/corrientesdetarde.com\/index.php\/wp-json\/wp\/v2\/posts\/87294","targetHints":{"allow":["GET"]}}],"collection":[{"href":"https:\/\/corrientesdetarde.com\/index.php\/wp-json\/wp\/v2\/posts"}],"about":[{"href":"https:\/\/corrientesdetarde.com\/index.php\/wp-json\/wp\/v2\/types\/post"}],"author":[{"embeddable":true,"href":"https:\/\/corrientesdetarde.com\/index.php\/wp-json\/wp\/v2\/users\/8"}],"replies":[{"embeddable":true,"href":"https:\/\/corrientesdetarde.com\/index.php\/wp-json\/wp\/v2\/comments?post=87294"}],"version-history":[{"count":1,"href":"https:\/\/corrientesdetarde.com\/index.php\/wp-json\/wp\/v2\/posts\/87294\/revisions"}],"predecessor-version":[{"id":87300,"href":"https:\/\/corrientesdetarde.com\/index.php\/wp-json\/wp\/v2\/posts\/87294\/revisions\/87300"}],"wp:featuredmedia":[{"embeddable":true,"href":"https:\/\/corrientesdetarde.com\/index.php\/wp-json\/wp\/v2\/media\/87299"}],"wp:attachment":[{"href":"https:\/\/corrientesdetarde.com\/index.php\/wp-json\/wp\/v2\/media?parent=87294"}],"wp:term":[{"taxonomy":"category","embeddable":true,"href":"https:\/\/corrientesdetarde.com\/index.php\/wp-json\/wp\/v2\/categories?post=87294"},{"taxonomy":"post_tag","embeddable":true,"href":"https:\/\/corrientesdetarde.com\/index.php\/wp-json\/wp\/v2\/tags?post=87294"}],"curies":[{"name":"wp","href":"https:\/\/api.w.org\/{rel}","templated":true}]}}