{"id":87301,"date":"2023-09-12T14:21:14","date_gmt":"2023-09-12T17:21:14","guid":{"rendered":"https:\/\/corrientesdetarde.com\/?p=87301"},"modified":"2023-09-12T14:21:26","modified_gmt":"2023-09-12T17:21:26","slug":"mas-de-130-alumnos-de-escuelas-tecnicas-de-toda-la-provincia-participaran-del-tecnicar-2023","status":"publish","type":"post","link":"https:\/\/corrientesdetarde.com\/index.php\/educacion\/mas-de-130-alumnos-de-escuelas-tecnicas-de-toda-la-provincia-participaran-del-tecnicar-2023\/","title":{"rendered":"M\u00e1s de 130 alumnos de escuelas t\u00e9cnicas de toda la provincia participar\u00e1n del TECNICAR 2023"},"content":{"rendered":"\n<p>Con el objetivo de mostrar e incentivar el trabajo realizado por las escuelas t\u00e9cnicas durante todo el a\u00f1o, este jueves y viernes se realizar\u00e1 en la Costanera de Capital la competencia TECNICAR 2023 \u201cDesaf\u00edo Corrientes\u201d, un evento en el que participar\u00e1n m\u00e1s de 130 estudiantes de este tipo de establecimientos. La presentaci\u00f3n oficial fue este martes en el Ministerio de Educaci\u00f3n, presidida por la ministra Pr\u00e1xedes L\u00f3pez.<\/p>\n\n\n\n<p>TECNICAR se enmarca entre las acciones desplegadas desde este Ministerio, a trav\u00e9s de la Direcci\u00f3n de Educaci\u00f3n T\u00e9cnico Profesional y la Direcci\u00f3n General de Nivel Secundario.<\/p>\n\n\n\n<p>Participar\u00e1n 132 estudiantes de las escuelas t\u00e9cnicas de la provincia, con autos el\u00e9ctricos desarrollados en los talleres de los mismos establecimientos, acompa\u00f1ados de 44 docentes, quienes formar\u00e1n parte de actividades deportivas ligadas al automovilismo con energ\u00eda cero emisiones.<\/p>\n\n\n\n<p>El evento se desarrollar\u00e1 bajo la modalidad de carrera de f\u00f3rmula, que tendr\u00e1 como escenario la Costanera Sur de la ciudad capital los d\u00edas 14 y 15 de septiembre, de 8 a 20.<\/p>\n\n\n\n<p>La ministra L\u00f3pez expres\u00f3 su satisfacci\u00f3n por esta nueva edici\u00f3n, celebrando que los estudiantes \u201cvengan a Corrientes y nos puedan mostrar lo que hacen desde localidades lejanas\u201d.<\/p>\n\n\n\n<p>Indic\u00f3 que los alumnos tienen la oportunidad de trabajar en equipo y aprender a resolver las problem\u00e1ticas que se les presentan en el proceso. \u201cDesde el Gobierno vamos a seguir promoviendo m\u00e1s innovaci\u00f3n, m\u00e1s rob\u00f3tica y m\u00e1s educaci\u00f3n digital\u201d, declar\u00f3.<\/p>\n\n\n\n<p>La funcionaria invit\u00f3 adem\u00e1s a toda la comunidad a participar, sobre todo el viernes donde habr\u00e1 entrega de premios y un espect\u00e1culo musical. \u201cEsperemos que sea un d\u00eda de grandes experiencias, demostrando lo que las escuelas t\u00e9cnicas hacen durante todo el a\u00f1o\u201d, cerr\u00f3.<\/p>\n\n\n\n<p>Las 22 instituciones participantes poseen ofertas en mec\u00e1nica, electricidad, electr\u00f3nica, electromec\u00e1nica, automotores, maestro mayor de obras y mecanizaci\u00f3n agropecuaria, con el fin de promover las capacidades de los estudiantes y las actividades desarrolladas en los talleres de las escuelas t\u00e9cnicas y en funci\u00f3n de los diferentes perfiles profesionales.<\/p>\n\n\n\n<p><strong>Cronograma de Actividades<\/strong><\/p>\n\n\n\n<p>Mi\u00e9rcoles 13<\/p>\n\n\n\n<p>19:00 &#8211; Sal\u00f3n Juli\u00e1n Zini, Conferencia.<\/p>\n\n\n\n<p>Jueves 14<\/p>\n\n\n\n<p>08:00 &#8211; Verificaci\u00f3n t\u00e9cnica de los autos (en predio).<\/p>\n\n\n\n<p>10:30 &#8211; Acto de apertura.<\/p>\n\n\n\n<p>11.30 &#8211; Reconocimiento de pista. Vueltas libres.<\/p>\n\n\n\n<p>12:00 &#8211; Carrera de prueba de destrezas.<\/p>\n\n\n\n<p>17:30 &#8211; Carrera de picadas.<\/p>\n\n\n\n<p>19.30 &#8211; Carrera de desaf\u00edo femenino.<\/p>\n\n\n\n<p>Viernes 15<\/p>\n\n\n\n<p>15:00 &#8211; Clasificaci\u00f3n para el desaf\u00edo final.<\/p>\n\n\n\n<p>17:00 &#8211; Carrera de desaf\u00edo final.<\/p>\n\n\n\n<p>19:00 &#8211; Entrega de premios. Cierre de la jornada, banda musical.<\/p>\n\n\n\n<p><strong>Escuelas participantes<\/strong><\/p>\n\n\n\n<p>De Capital, participar\u00e1n las escuelas Juana Manso, Pedro Ferr\u00e9, Fray Luis Beltr\u00e1n, Islas Malvinas, Bernardino Rivadavia y de V\u00edas Navegables. En representaci\u00f3n de localidades del interior, dir\u00e1n presente las escuelas Juan Esteban Mart\u00ednez (Bella Vista), Hijas de Mar\u00eda (Concepci\u00f3n), Valent\u00edn Virasoro y Francisco Pinaroli (Goya), Escuela T\u00e9cnica de It\u00e1 Ibat\u00e9, Roque Guillermo Carranza (Ituzaing\u00f3), Alfredo Passera (Mocoret\u00e1), Joaqu\u00edn Madariaga (Paso de los Libres), Remedios de Escalada (San Roque), Nuevo Milenio (Virasoro), Escuela T\u00e9cnica de Santo Tom\u00e9, Juan Ram\u00f3n Vidal (Esquina), Jos\u00e9 de San Mart\u00edn (Mercedes), Escuela T\u00e9cnica de Mburucuy\u00e1, Pedro Ferr\u00e9 (Monte Caseros) y Juan Pujol (Saladas).<\/p>\n\n\n\n<p><strong>Presencias<\/strong><\/p>\n\n\n\n<p>Acompa\u00f1aron el lanzamiento el subsecretario de Gesti\u00f3n Educativa, Julio Cesar de la Cruz Navias; la subsecretaria de Contenidos Audiovisuales, Paula Buontempo; el subsecretario de Gesti\u00f3n Administrativa, Mauro Andr\u00e9s Rinaldi; el subsecretario de Infraestructura Escolar, Emilio Breard; la secretaria general, Pabla Muzzachiodi; el director de Nivel Secundario Sergio Guti\u00e9rrez; el director de Educaci\u00f3n T\u00e9cnico Profesional, \u00c1ngel Mart\u00ednez; e integrantes del equipo t\u00e9cnico de la Direcci\u00f3n de Educaci\u00f3n T\u00e9cnico Profesional: Virginia Ram\u00edrez y Juan Carlos Aguirre.<\/p>\n\n\n\n<figure class=\"wp-block-image size-large\"><img loading=\"lazy\" decoding=\"async\" width=\"1024\" height=\"683\" src=\"https:\/\/corrientesdetarde.com\/wp-content\/uploads\/2023\/09\/image-257-1024x683.png\" alt=\"\" class=\"wp-image-87302\" srcset=\"https:\/\/corrientesdetarde.com\/wp-content\/uploads\/2023\/09\/image-257-1024x683.png 1024w, https:\/\/corrientesdetarde.com\/wp-content\/uploads\/2023\/09\/image-257-300x200.png 300w, https:\/\/corrientesdetarde.com\/wp-content\/uploads\/2023\/09\/image-257-768x512.png 768w, https:\/\/corrientesdetarde.com\/wp-content\/uploads\/2023\/09\/image-257.png 1200w\" sizes=\"auto, (max-width: 1024px) 100vw, 1024px\" \/><\/figure>\n\n\n\n<figure class=\"wp-block-image size-large\"><img loading=\"lazy\" decoding=\"async\" width=\"1024\" height=\"683\" src=\"https:\/\/corrientesdetarde.com\/wp-content\/uploads\/2023\/09\/image-258-1024x683.png\" alt=\"\" class=\"wp-image-87303\" srcset=\"https:\/\/corrientesdetarde.com\/wp-content\/uploads\/2023\/09\/image-258-1024x683.png 1024w, https:\/\/corrientesdetarde.com\/wp-content\/uploads\/2023\/09\/image-258-300x200.png 300w, https:\/\/corrientesdetarde.com\/wp-content\/uploads\/2023\/09\/image-258-768x512.png 768w, https:\/\/corrientesdetarde.com\/wp-content\/uploads\/2023\/09\/image-258.png 1200w\" sizes=\"auto, (max-width: 1024px) 100vw, 1024px\" \/><\/figure>\n\n\n\n<figure class=\"wp-block-image size-large\"><img loading=\"lazy\" decoding=\"async\" width=\"1024\" height=\"683\" src=\"https:\/\/corrientesdetarde.com\/wp-content\/uploads\/2023\/09\/image-260-1024x683.png\" alt=\"\" class=\"wp-image-87305\" srcset=\"https:\/\/corrientesdetarde.com\/wp-content\/uploads\/2023\/09\/image-260-1024x683.png 1024w, https:\/\/corrientesdetarde.com\/wp-content\/uploads\/2023\/09\/image-260-300x200.png 300w, https:\/\/corrientesdetarde.com\/wp-content\/uploads\/2023\/09\/image-260-768x512.png 768w, https:\/\/corrientesdetarde.com\/wp-content\/uploads\/2023\/09\/image-260.png 1200w\" sizes=\"auto, (max-width: 1024px) 100vw, 1024px\" \/><\/figure>\n\n\n\n<figure class=\"wp-block-image size-large\"><img loading=\"lazy\" decoding=\"async\" width=\"724\" height=\"1024\" src=\"https:\/\/corrientesdetarde.com\/wp-content\/uploads\/2023\/09\/image-261-724x1024.png\" alt=\"\" class=\"wp-image-87306\" srcset=\"https:\/\/corrientesdetarde.com\/wp-content\/uploads\/2023\/09\/image-261-724x1024.png 724w, https:\/\/corrientesdetarde.com\/wp-content\/uploads\/2023\/09\/image-261-212x300.png 212w, https:\/\/corrientesdetarde.com\/wp-content\/uploads\/2023\/09\/image-261-768x1086.png 768w, https:\/\/corrientesdetarde.com\/wp-content\/uploads\/2023\/09\/image-261-1086x1536.png 1086w, https:\/\/corrientesdetarde.com\/wp-content\/uploads\/2023\/09\/image-261-1448x2048.png 1448w, https:\/\/corrientesdetarde.com\/wp-content\/uploads\/2023\/09\/image-261.png 1810w\" sizes=\"auto, (max-width: 724px) 100vw, 724px\" \/><\/figure>\n","protected":false},"excerpt":{"rendered":"<p>Con el objetivo de mostrar e incentivar el trabajo realizado por las escuelas t\u00e9cnicas durante todo el a\u00f1o, este jueves y viernes se realizar\u00e1 en la Costanera de Capital la&hellip; <\/p>\n","protected":false},"author":8,"featured_media":87307,"comment_status":"closed","ping_status":"open","sticky":false,"template":"","format":"standard","meta":{"footnotes":""},"categories":[32],"tags":[],"class_list":["post-87301","post","type-post","status-publish","format-standard","has-post-thumbnail","hentry","category-educacion"],"_links":{"self":[{"href":"https:\/\/corrientesdetarde.com\/index.php\/wp-json\/wp\/v2\/posts\/87301","targetHints":{"allow":["GET"]}}],"collection":[{"href":"https:\/\/corrientesdetarde.com\/index.php\/wp-json\/wp\/v2\/posts"}],"about":[{"href":"https:\/\/corrientesdetarde.com\/index.php\/wp-json\/wp\/v2\/types\/post"}],"author":[{"embeddable":true,"href":"https:\/\/corrientesdetarde.com\/index.php\/wp-json\/wp\/v2\/users\/8"}],"replies":[{"embeddable":true,"href":"https:\/\/corrientesdetarde.com\/index.php\/wp-json\/wp\/v2\/comments?post=87301"}],"version-history":[{"count":1,"href":"https:\/\/corrientesdetarde.com\/index.php\/wp-json\/wp\/v2\/posts\/87301\/revisions"}],"predecessor-version":[{"id":87308,"href":"https:\/\/corrientesdetarde.com\/index.php\/wp-json\/wp\/v2\/posts\/87301\/revisions\/87308"}],"wp:featuredmedia":[{"embeddable":true,"href":"https:\/\/corrientesdetarde.com\/index.php\/wp-json\/wp\/v2\/media\/87307"}],"wp:attachment":[{"href":"https:\/\/corrientesdetarde.com\/index.php\/wp-json\/wp\/v2\/media?parent=87301"}],"wp:term":[{"taxonomy":"category","embeddable":true,"href":"https:\/\/corrientesdetarde.com\/index.php\/wp-json\/wp\/v2\/categories?post=87301"},{"taxonomy":"post_tag","embeddable":true,"href":"https:\/\/corrientesdetarde.com\/index.php\/wp-json\/wp\/v2\/tags?post=87301"}],"curies":[{"name":"wp","href":"https:\/\/api.w.org\/{rel}","templated":true}]}}