{"id":87309,"date":"2023-09-12T14:23:30","date_gmt":"2023-09-12T17:23:30","guid":{"rendered":"https:\/\/corrientesdetarde.com\/?p=87309"},"modified":"2023-09-12T14:23:42","modified_gmt":"2023-09-12T17:23:42","slug":"diputados-dictaminaron-a-favor-de-la-capacitacion-y-formacion-obligatoria-en-discapacidad","status":"publish","type":"post","link":"https:\/\/corrientesdetarde.com\/index.php\/politica\/diputados-dictaminaron-a-favor-de-la-capacitacion-y-formacion-obligatoria-en-discapacidad\/","title":{"rendered":"Diputados dictaminaron a favor de la capacitaci\u00f3n y formaci\u00f3n obligatoria en discapacidad"},"content":{"rendered":"\n<p>La norma establece la instrucci\u00f3n sensible y obligatoria de la administraci\u00f3n p\u00fablica nacional y la adecuaci\u00f3n en accesibilidad de espacios p\u00fablicos.<\/p>\n\n\n\n<p>Diputados dictaminaron a favor del proyecto que promueve la creaci\u00f3n del programa \u201cArgentina Inclusiva&#8221;.<\/p>\n\n\n\n<p>Diputados dictaminaron a favor del proyecto que fue respaldado por la comisi\u00f3n de Discapacidad, presidida por el diputado&nbsp;<strong>Luis Di Giacomo<\/strong>&nbsp;(Juntos Somos R\u00edo Negro), que promueve la creaci\u00f3n del programa<strong>&nbsp;\u201cArgentina Inclusiva\u201d<\/strong>.<\/p>\n\n\n\n<p>La diputada&nbsp;<strong>Natalia de la Sota<\/strong>&nbsp;(C\u00f3rdoba Federal), autora de uno de los proyectos que han sido unificados, asegur\u00f3: \u201cTodos los agentes del Estado necesitamos estar capacitados, saber y conocer sobre discapacidad\u201d.<\/p>\n\n\n\n<p>En el mismo sentido, la diputada&nbsp;<strong>Graciela Caselles<\/strong>&nbsp;(Frente de Todos) remarc\u00f3 la importancia de esta norma al destacar que es una ley pensada a futuro, para que aquellos que tomen decisiones lo hagan con perspectiva de discapacidad.<\/p>\n\n\n\n<p>A su turno, la diputada&nbsp;<strong>Natalia Sarapura<\/strong>&nbsp;(UCR) reconoci\u00f3 a la inclusi\u00f3n como un desaf\u00edo y una tarea pendiente en la actualidad. Y consider\u00f3 que \u201cla importancia de la norma radica en asumir las responsabilidades de un trato responsable sujeto a derecho\u201d.<\/p>\n\n\n\n<p>Por otra parte, se aprob\u00f3 el proyecto perteneciente a la diputada&nbsp;<strong>Carla Carrizo<\/strong>&nbsp;(Evoluci\u00f3n radical), que establece la creaci\u00f3n del programa de reconocimiento a las empresas que incluyan pr\u00e1cticas de equidad laboral para personas con discapacidad, otorg\u00e1ndoles un&nbsp;<strong>\u201cSello Nacional de Equidad Laboral\u201d<\/strong>.<\/p>\n\n\n\n<p>Seg\u00fan los fundamentos de la norma, se procura brindar una respuesta ante una de las principales problem\u00e1ticas que enfrentan las personas con discapacidad de nuestro pa\u00eds en la actualidad: el desempleo.<\/p>\n\n\n\n<p>En otro sentido, obtuvo dictamen el proyecto de autor\u00eda de la diputada oficialista&nbsp;<strong>Marcela Passo<\/strong>, que propone&nbsp;<strong>la creaci\u00f3n de un sistema integral de prioridad y contenci\u00f3n para personas con Trastorno del Espectro Autista (TEA) y s\u00edndromes relacionados en los medios de transporte<\/strong>&nbsp;terrestre, ferroviario, a\u00e9reo y fluvial.<\/p>\n\n\n\n<p>En tanto, el proyecto que establece la capacitaci\u00f3n obligatoria en lengua de se\u00f1as argentina (LSA) para todas las personas que se desempe\u00f1en en la funci\u00f3n p\u00fablica, en todos sus niveles y jerarqu\u00edas, en el \u00e1mbito de los tres poderes del Estado nacional (Poder Ejecutivo, Legislativo y Judicial de la Naci\u00f3n), no logr\u00f3 consenso, por lo cual se propuso que vuelva a asesores.<\/p>\n\n\n\n<p>La diputada&nbsp;<strong>Dina Rezinovsky<\/strong>&nbsp;(PRO) explic\u00f3: \u201cLa organizaciones de sordos nos piden que escuchemos cu\u00e1les son sus necesidades y prioridades del colectivo, porque hay una parte de la comunidad que no est\u00e1 de acuerdo con el proyecto de ley sobre la capacitaci\u00f3n en lengua de se\u00f1as\u201d.<\/p>\n\n\n\n<p>En el marco de la comisi\u00f3n, adem\u00e1s, se analizaron distintas iniciativas entre las que se destacan las modificaciones a la ley de Turismo accesible para personas con capacidades restringidas \u2013Ley 25.643\u2013, con el fin de adecuar la ley a lo que establece la Convenci\u00f3n sobre los Derechos de las Personas con Discapacidad.<\/p>\n","protected":false},"excerpt":{"rendered":"<p>La norma establece la instrucci\u00f3n sensible y obligatoria de la administraci\u00f3n p\u00fablica nacional y la adecuaci\u00f3n en accesibilidad de espacios p\u00fablicos. Diputados dictaminaron a favor del proyecto que promueve la&hellip; <\/p>\n","protected":false},"author":8,"featured_media":87310,"comment_status":"closed","ping_status":"open","sticky":false,"template":"","format":"standard","meta":{"footnotes":""},"categories":[3],"tags":[],"class_list":["post-87309","post","type-post","status-publish","format-standard","has-post-thumbnail","hentry","category-politica"],"_links":{"self":[{"href":"https:\/\/corrientesdetarde.com\/index.php\/wp-json\/wp\/v2\/posts\/87309","targetHints":{"allow":["GET"]}}],"collection":[{"href":"https:\/\/corrientesdetarde.com\/index.php\/wp-json\/wp\/v2\/posts"}],"about":[{"href":"https:\/\/corrientesdetarde.com\/index.php\/wp-json\/wp\/v2\/types\/post"}],"author":[{"embeddable":true,"href":"https:\/\/corrientesdetarde.com\/index.php\/wp-json\/wp\/v2\/users\/8"}],"replies":[{"embeddable":true,"href":"https:\/\/corrientesdetarde.com\/index.php\/wp-json\/wp\/v2\/comments?post=87309"}],"version-history":[{"count":1,"href":"https:\/\/corrientesdetarde.com\/index.php\/wp-json\/wp\/v2\/posts\/87309\/revisions"}],"predecessor-version":[{"id":87311,"href":"https:\/\/corrientesdetarde.com\/index.php\/wp-json\/wp\/v2\/posts\/87309\/revisions\/87311"}],"wp:featuredmedia":[{"embeddable":true,"href":"https:\/\/corrientesdetarde.com\/index.php\/wp-json\/wp\/v2\/media\/87310"}],"wp:attachment":[{"href":"https:\/\/corrientesdetarde.com\/index.php\/wp-json\/wp\/v2\/media?parent=87309"}],"wp:term":[{"taxonomy":"category","embeddable":true,"href":"https:\/\/corrientesdetarde.com\/index.php\/wp-json\/wp\/v2\/categories?post=87309"},{"taxonomy":"post_tag","embeddable":true,"href":"https:\/\/corrientesdetarde.com\/index.php\/wp-json\/wp\/v2\/tags?post=87309"}],"curies":[{"name":"wp","href":"https:\/\/api.w.org\/{rel}","templated":true}]}}