{"id":87312,"date":"2023-09-12T14:27:39","date_gmt":"2023-09-12T17:27:39","guid":{"rendered":"https:\/\/corrientesdetarde.com\/?p=87312"},"modified":"2023-09-12T14:32:11","modified_gmt":"2023-09-12T17:32:11","slug":"tras-ganancias-el-gobierno-avala-la-reduccion-de-la-jornada-laboral-la-argentina-quedo-muy-retrasada","status":"publish","type":"post","link":"https:\/\/corrientesdetarde.com\/index.php\/nacionales\/tras-ganancias-el-gobierno-avala-la-reduccion-de-la-jornada-laboral-la-argentina-quedo-muy-retrasada\/","title":{"rendered":"Tras Ganancias, el Gobierno avala la reducci\u00f3n de la jornada laboral: \u201cLa Argentina qued\u00f3 muy retrasada\u201d"},"content":{"rendered":"\n<p>La ministra Kelly Olmos propuso avanzar hacia un esquema progresivo de cambios en la cantidad de horas de empleo semanales. La CGT y la CTA presionan para que el proyecto se debata en el Congreso.<\/p>\n\n\n\n<p>Desde el Gobierno salieron a respaldar la reducci\u00f3n de la jornada laboral de 48 horas semanales tras las&nbsp;<strong>presiones&nbsp;<\/strong>de las centrales sindicales, la CGT y la CTA, que impulsan que el proyecto se debata en el Congreso. Fue a horas del anuncio del ministro de Econom\u00eda, Sergio Massa , para que la mayor\u00eda de trabajadores dejen de pagar el&nbsp;<strong>Impuesto a las Ganancias<\/strong>.<\/p>\n\n\n\n<p>Olmos plante\u00f3: \u201cPensamos que la Argentina qued\u00f3 muy retrasada al establecer, desde la d\u00e9cada del \u201830, 48 horas de jornada laboral semanal\u201d, y dijo que tienen en mente \u201cun planteo que sea escalonado\u201d para avanzar en cambios en la modalidad.<\/p>\n\n\n\n<p>Para la ministra de Trabajo, la jornada laboral \u201cdeber\u00eda ir reduci\u00e9ndose, tendiendo a converger con lo que est\u00e1 vigente en el resto de los pa\u00edses, ser\u00edan alrededor de 40 horas, algunos plantean 36, en la experiencia de los pa\u00edses m\u00e1s desarrollados\u201d.<\/p>\n\n\n\n<p>Olmos dijo que si progresivamente se pasa de un esquema \u201cde 48 horas a 44, y de 44 a 40\u2033, ser\u00eda \u201cun avance, porque la jornada laboral actual es una de las pocas \u00e1reas del mundo laboral donde la Argentina tiene un&nbsp;<strong>retroceso importante\u201d,<\/strong>&nbsp;en declaraciones a&nbsp;<em>Radio 10.<\/em><\/p>\n\n\n\n<h2 class=\"wp-block-heading\">Las presiones de la CGT y la CTA para avanzar en la reducci\u00f3n de la jornada laboral<\/h2>\n\n\n\n<p>Desde las centrales sindicales, la CGT y la CTA, presionan para avanzar en la reducci\u00f3n de la jornada laboral. El cosecretario general de la CGT, H\u00e9ctor Daer <strong>,<\/strong>&nbsp;volvi\u00f3 a la carga: \u201cNosotros lo planteamos hace rato, lo dijimos en el acto del 1\u00b0 de mayo, que esa es una tarea a seguir durante todo este tiempo, lo estuvimos hablando\u201d.<\/p>\n\n\n\n<ul class=\"wp-block-list\"><li>Daer plante\u00f3 que es una modalidad \u201cque se est\u00e1 dando en todo el mundo, as\u00ed que tambi\u00e9n seguramente ser\u00e1 algo muy pr\u00f3ximo, habr\u00e1 que encontrarle el punto, habr\u00e1 que articularlo en cada una de las actividades con los convenios colectivos porque no todas las actividades pueden actuar de la misma manera, algunas son de trabajo continuo, otras son con otras caracter\u00edsticas\u201d.<\/li><li>El jefe del sindicato de Sanidad dijo que est\u00e1n&nbsp;<strong>en di\u00e1logo con el Gobierno:<\/strong>&nbsp;\u201cLo venimos conversando, hay varios proyectos que est\u00e1n dando vuelta tambi\u00e9n en la comisi\u00f3n de trabajo de la C\u00e1mara de diputados, as\u00ed que bueno, entre todos tenemos que congeniar y encontrar un camino que va acompasado con el mundo y con la regi\u00f3n inclusive\u201d.<\/li><li>En esa l\u00ednea, el secretario general de la Central de Trabajadores de la Argentina y diputado de Uni\u00f3n por la Patria, Hugo Yasky&nbsp;, reclam\u00f3&nbsp;<strong>\u201caggiornar la legislaci\u00f3n<\/strong>&nbsp;desactualizada reduciendo la jornada laboral\u201d, lo que dijo que \u201cgenerar\u00eda efectos positivos econ\u00f3micos, sociales, culturales, medioambientales, de igualdad de g\u00e9nero, entre otros\u201d, consigna la agencia&nbsp;<em>T\u00e9lam<\/em>.<\/li><li>Yasky indic\u00f3 que \u201ces incomprensible la negativa de un sector de los representantes pol\u00edticos, incluso a dar el debate, a o\u00edr la opini\u00f3n de las organizaciones sociales, sindicales, empresariales, de los especialistas, de los pa\u00edses que ya legislaron en este sentido\u201d y llam\u00f3 a \u201cencarar esta discusi\u00f3n en el&nbsp;<strong>parlamento\u201d<\/strong>.<\/li><\/ul>\n","protected":false},"excerpt":{"rendered":"<p>La ministra Kelly Olmos propuso avanzar hacia un esquema progresivo de cambios en la cantidad de horas de empleo semanales. La CGT y la CTA presionan para que el proyecto&hellip; <\/p>\n","protected":false},"author":8,"featured_media":87313,"comment_status":"closed","ping_status":"open","sticky":false,"template":"","format":"standard","meta":{"footnotes":""},"categories":[10],"tags":[],"class_list":["post-87312","post","type-post","status-publish","format-standard","has-post-thumbnail","hentry","category-nacionales"],"_links":{"self":[{"href":"https:\/\/corrientesdetarde.com\/index.php\/wp-json\/wp\/v2\/posts\/87312","targetHints":{"allow":["GET"]}}],"collection":[{"href":"https:\/\/corrientesdetarde.com\/index.php\/wp-json\/wp\/v2\/posts"}],"about":[{"href":"https:\/\/corrientesdetarde.com\/index.php\/wp-json\/wp\/v2\/types\/post"}],"author":[{"embeddable":true,"href":"https:\/\/corrientesdetarde.com\/index.php\/wp-json\/wp\/v2\/users\/8"}],"replies":[{"embeddable":true,"href":"https:\/\/corrientesdetarde.com\/index.php\/wp-json\/wp\/v2\/comments?post=87312"}],"version-history":[{"count":2,"href":"https:\/\/corrientesdetarde.com\/index.php\/wp-json\/wp\/v2\/posts\/87312\/revisions"}],"predecessor-version":[{"id":87320,"href":"https:\/\/corrientesdetarde.com\/index.php\/wp-json\/wp\/v2\/posts\/87312\/revisions\/87320"}],"wp:featuredmedia":[{"embeddable":true,"href":"https:\/\/corrientesdetarde.com\/index.php\/wp-json\/wp\/v2\/media\/87313"}],"wp:attachment":[{"href":"https:\/\/corrientesdetarde.com\/index.php\/wp-json\/wp\/v2\/media?parent=87312"}],"wp:term":[{"taxonomy":"category","embeddable":true,"href":"https:\/\/corrientesdetarde.com\/index.php\/wp-json\/wp\/v2\/categories?post=87312"},{"taxonomy":"post_tag","embeddable":true,"href":"https:\/\/corrientesdetarde.com\/index.php\/wp-json\/wp\/v2\/tags?post=87312"}],"curies":[{"name":"wp","href":"https:\/\/api.w.org\/{rel}","templated":true}]}}