{"id":87315,"date":"2023-09-12T14:29:52","date_gmt":"2023-09-12T17:29:52","guid":{"rendered":"https:\/\/corrientesdetarde.com\/?p=87315"},"modified":"2023-09-12T14:30:04","modified_gmt":"2023-09-12T17:30:04","slug":"corrientes-aporta-su-experiencia-para-el-desarrollo-de-la-historia-clinica-digital-en-jujuy","status":"publish","type":"post","link":"https:\/\/corrientesdetarde.com\/index.php\/bienestar-y-salud\/corrientes-aporta-su-experiencia-para-el-desarrollo-de-la-historia-clinica-digital-en-jujuy\/","title":{"rendered":"Corrientes aporta su experiencia para el desarrollo de la Historia Cl\u00ednica Digital en Jujuy"},"content":{"rendered":"\n<p><em>En este marco, se realiz\u00f3 hoy una reuni\u00f3n en el Ministerio de Salud P\u00fablica de la Provincia entre su titular Ricardo Cardozo y el subsecretario T\u00e9cnico Operativo del Ministerio de Salud de Jujuy, Jorge Camacho.<\/em><\/p>\n\n\n\n<p>El ministro de Salud P\u00fablica, Ricardo Cardozo, recibi\u00f3 en su despacho al subsecretario T\u00e9cnico Operativo del Ministerio de Salud de Jujuy, Jorge Camacho, para avanzar en una cooperaci\u00f3n interministerial para el desarrollo de la Historia Cl\u00ednica Digital en esa provincia, con la experiencia de Corrientes en ese sentido.<\/p>\n\n\n\n<p>\u201cVinimos a pedir opiniones m\u00e1s que nada, ya que estamos con el desarrollo de la Historia Cl\u00ednica Digital en Jujuy y con la experiencia que tiene Corrientes, hoy estamos presentes para que nos acompa\u00f1en en esto de poder desarrollar la nuestra\u201d, dijo&nbsp;Jorge Camacho, tras el encuentro.<\/p>\n\n\n\n<p>\u201cEstamos muy agradecidos con el Ministerio de Salud P\u00fablica de la Provincia de Corrientes\u201d, remarc\u00f3 y dijo que esta articulaci\u00f3n se viene \u201ctrabajando hace tiempo con la Direcci\u00f3n de Sistemas de Corrientes, quienes nos vienen asesorando y hoy estamos de forma presencial\u201d.<\/p>\n\n\n\n<p>Por su parte, el director de Sistemas del Ministerio de Salud P\u00fablica de Corrientes,&nbsp;Fabi\u00e1n Medina, indic\u00f3: \u201cLa idea es colaborar con Jujuy. Compartimos nuestra experiencia y c\u00f3mo lo vivimos ac\u00e1, los obst\u00e1culos &nbsp;con los que nos encontramos en el camino y c\u00f3mo los resolvimos. Esto les ayudar\u00e1 y podr\u00e1n tener en cuenta al momento de comenzar a implementar su Historia Cl\u00ednica Digital\u201d.<\/p>\n\n\n\n<p>En cuanto a c\u00f3mo est\u00e1 este sistema en Corrientes, el funcionario explic\u00f3: \u201cEn la actualidad, todos los hospitales y CAPS de la ciudad capital ya cuentan con Historia Cl\u00ednica Digital y tambi\u00e9n el Dispensario Dermatol\u00f3gico el ICAL y el Instituto Valent\u00edn Hah\u00fcy y en el interior, estamos avanzando con todos los hospitales de cabecera de las regiones\u201d.<\/p>\n\n\n\n<p>Por \u00faltimo, dijo que tambi\u00e9n se est\u00e1 trabajando \u201cpara incorporar la Historia Cl\u00ednica Digital en 22 hospitales de baja complejidad. La idea es llegar a m\u00e1s de 60 centros de salud con Historia Cl\u00ednica Digital, entre hospitales y CAPS\u201d.<\/p>\n\n\n\n<figure class=\"wp-block-image size-large\"><img loading=\"lazy\" decoding=\"async\" width=\"1024\" height=\"683\" src=\"https:\/\/corrientesdetarde.com\/wp-content\/uploads\/2023\/09\/image-264-1024x683.png\" alt=\"\" class=\"wp-image-87316\" srcset=\"https:\/\/corrientesdetarde.com\/wp-content\/uploads\/2023\/09\/image-264-1024x683.png 1024w, https:\/\/corrientesdetarde.com\/wp-content\/uploads\/2023\/09\/image-264-300x200.png 300w, https:\/\/corrientesdetarde.com\/wp-content\/uploads\/2023\/09\/image-264-768x512.png 768w, https:\/\/corrientesdetarde.com\/wp-content\/uploads\/2023\/09\/image-264-1536x1024.png 1536w, https:\/\/corrientesdetarde.com\/wp-content\/uploads\/2023\/09\/image-264.png 1620w\" sizes=\"auto, (max-width: 1024px) 100vw, 1024px\" \/><\/figure>\n","protected":false},"excerpt":{"rendered":"<p>En este marco, se realiz\u00f3 hoy una reuni\u00f3n en el Ministerio de Salud P\u00fablica de la Provincia entre su titular Ricardo Cardozo y el subsecretario T\u00e9cnico Operativo del Ministerio de&hellip; <\/p>\n","protected":false},"author":8,"featured_media":87317,"comment_status":"closed","ping_status":"open","sticky":false,"template":"","format":"standard","meta":{"footnotes":""},"categories":[16],"tags":[],"class_list":["post-87315","post","type-post","status-publish","format-standard","has-post-thumbnail","hentry","category-bienestar-y-salud"],"_links":{"self":[{"href":"https:\/\/corrientesdetarde.com\/index.php\/wp-json\/wp\/v2\/posts\/87315","targetHints":{"allow":["GET"]}}],"collection":[{"href":"https:\/\/corrientesdetarde.com\/index.php\/wp-json\/wp\/v2\/posts"}],"about":[{"href":"https:\/\/corrientesdetarde.com\/index.php\/wp-json\/wp\/v2\/types\/post"}],"author":[{"embeddable":true,"href":"https:\/\/corrientesdetarde.com\/index.php\/wp-json\/wp\/v2\/users\/8"}],"replies":[{"embeddable":true,"href":"https:\/\/corrientesdetarde.com\/index.php\/wp-json\/wp\/v2\/comments?post=87315"}],"version-history":[{"count":1,"href":"https:\/\/corrientesdetarde.com\/index.php\/wp-json\/wp\/v2\/posts\/87315\/revisions"}],"predecessor-version":[{"id":87318,"href":"https:\/\/corrientesdetarde.com\/index.php\/wp-json\/wp\/v2\/posts\/87315\/revisions\/87318"}],"wp:featuredmedia":[{"embeddable":true,"href":"https:\/\/corrientesdetarde.com\/index.php\/wp-json\/wp\/v2\/media\/87317"}],"wp:attachment":[{"href":"https:\/\/corrientesdetarde.com\/index.php\/wp-json\/wp\/v2\/media?parent=87315"}],"wp:term":[{"taxonomy":"category","embeddable":true,"href":"https:\/\/corrientesdetarde.com\/index.php\/wp-json\/wp\/v2\/categories?post=87315"},{"taxonomy":"post_tag","embeddable":true,"href":"https:\/\/corrientesdetarde.com\/index.php\/wp-json\/wp\/v2\/tags?post=87315"}],"curies":[{"name":"wp","href":"https:\/\/api.w.org\/{rel}","templated":true}]}}