{"id":87321,"date":"2023-09-12T15:04:42","date_gmt":"2023-09-12T18:04:42","guid":{"rendered":"https:\/\/corrientesdetarde.com\/?p=87321"},"modified":"2023-09-12T15:04:45","modified_gmt":"2023-09-12T18:04:45","slug":"capacitacion-a-emprendedores-locales-sobre-finanzas-en-pequenos-negocios","status":"publish","type":"post","link":"https:\/\/corrientesdetarde.com\/index.php\/sociales\/capacitacion-a-emprendedores-locales-sobre-finanzas-en-pequenos-negocios\/","title":{"rendered":"Capacitaci\u00f3n a emprendedores locales sobre finanzas en peque\u00f1os negocios"},"content":{"rendered":"\n<p><em>Se denomina \u201cAfinando el l\u00e1piz\u201d, y el dictado virtual comenz\u00f3 en la tarde de este lunes. Organizado por la Municipalidad, est\u00e1 a cargo de una academia especializada en el marco del programa Ciudades Emprendedoras de la Red de Innovaci\u00f3n Local (RIL) de la que Corrientes forma parte.<\/em><\/p>\n\n\n\n<p>Este lunes se puso en marcha un curso virtual sobre finanzas en peque\u00f1os negocios, denominado \u201cAfinando el l\u00e1piz\u201d, organizado por la Municipalidad, a trav\u00e9s de la Subsecretar\u00eda de Pymes e Industria. De la capacitaci\u00f3n, totalmente gratuita, participan alrededor de 60 emprendedores locales.<br><br>El curso, que se extender\u00e1 durante cuatro encuentros hasta el 4 de octubre venidero, es dictado por la academia especializada Worker Tech, a trav\u00e9s del convenio con el programa Ciudades Emprendedoras de la Red de Innovaci\u00f3n Local (RIL), donde Corrientes fue seleccionada junto a otras cuatro ciudades del pa\u00eds.<br><br>La subsecretaria de Pymes e Industria del municipio, Thea Bel\u00e1ustegui, se\u00f1al\u00f3 que del curso \u201cparticipan gratuitamente diversos tipos de emprendedores locales, que ser\u00e1n capacitados en temas referentes al c\u00e1lculo del punto de equilibrio de costos, m\u00e1rgenes de contribuci\u00f3n por producto, ganancias, elementos claves de la rentabilidad, principios b\u00e1sicos para fijar los precios en contexto de inflaci\u00f3n, descuentos, estrategias para crecer en lo que respecta a productos y servicios, entre otros\u201d.<br><br>La funcionaria se\u00f1al\u00f3 que \u201csi bien algunos temas se han tocado desde la Municipalidad en cursos realizados anteriormente, son temas que se requieren permanentemente porque hay herramientas que se van actualizando de manera continua\u201d<br><br>Belaustegui indic\u00f3 que \u201cluego de este curso se llevar\u00e1 adelante otro similar, en este caso referido a habilidades de ventas en plataformas digitales, que comenzar\u00e1 en octubre, y para el que estaremos inscribiendo cerca de fin de mes\u201d.<\/p>\n\n\n\n<figure class=\"wp-block-image size-large\"><img loading=\"lazy\" decoding=\"async\" width=\"1024\" height=\"682\" src=\"https:\/\/corrientesdetarde.com\/wp-content\/uploads\/2023\/09\/image-266-1024x682.png\" alt=\"\" class=\"wp-image-87322\" srcset=\"https:\/\/corrientesdetarde.com\/wp-content\/uploads\/2023\/09\/image-266-1024x682.png 1024w, https:\/\/corrientesdetarde.com\/wp-content\/uploads\/2023\/09\/image-266-300x200.png 300w, https:\/\/corrientesdetarde.com\/wp-content\/uploads\/2023\/09\/image-266-768x512.png 768w, https:\/\/corrientesdetarde.com\/wp-content\/uploads\/2023\/09\/image-266.png 1280w\" sizes=\"auto, (max-width: 1024px) 100vw, 1024px\" \/><\/figure>\n","protected":false},"excerpt":{"rendered":"<p>Se denomina \u201cAfinando el l\u00e1piz\u201d, y el dictado virtual comenz\u00f3 en la tarde de este lunes. Organizado por la Municipalidad, est\u00e1 a cargo de una academia especializada en el marco&hellip; <\/p>\n","protected":false},"author":8,"featured_media":87323,"comment_status":"closed","ping_status":"open","sticky":false,"template":"","format":"standard","meta":{"footnotes":""},"categories":[17],"tags":[],"class_list":["post-87321","post","type-post","status-publish","format-standard","has-post-thumbnail","hentry","category-sociales"],"_links":{"self":[{"href":"https:\/\/corrientesdetarde.com\/index.php\/wp-json\/wp\/v2\/posts\/87321","targetHints":{"allow":["GET"]}}],"collection":[{"href":"https:\/\/corrientesdetarde.com\/index.php\/wp-json\/wp\/v2\/posts"}],"about":[{"href":"https:\/\/corrientesdetarde.com\/index.php\/wp-json\/wp\/v2\/types\/post"}],"author":[{"embeddable":true,"href":"https:\/\/corrientesdetarde.com\/index.php\/wp-json\/wp\/v2\/users\/8"}],"replies":[{"embeddable":true,"href":"https:\/\/corrientesdetarde.com\/index.php\/wp-json\/wp\/v2\/comments?post=87321"}],"version-history":[{"count":1,"href":"https:\/\/corrientesdetarde.com\/index.php\/wp-json\/wp\/v2\/posts\/87321\/revisions"}],"predecessor-version":[{"id":87324,"href":"https:\/\/corrientesdetarde.com\/index.php\/wp-json\/wp\/v2\/posts\/87321\/revisions\/87324"}],"wp:featuredmedia":[{"embeddable":true,"href":"https:\/\/corrientesdetarde.com\/index.php\/wp-json\/wp\/v2\/media\/87323"}],"wp:attachment":[{"href":"https:\/\/corrientesdetarde.com\/index.php\/wp-json\/wp\/v2\/media?parent=87321"}],"wp:term":[{"taxonomy":"category","embeddable":true,"href":"https:\/\/corrientesdetarde.com\/index.php\/wp-json\/wp\/v2\/categories?post=87321"},{"taxonomy":"post_tag","embeddable":true,"href":"https:\/\/corrientesdetarde.com\/index.php\/wp-json\/wp\/v2\/tags?post=87321"}],"curies":[{"name":"wp","href":"https:\/\/api.w.org\/{rel}","templated":true}]}}