{"id":87325,"date":"2023-09-12T15:07:34","date_gmt":"2023-09-12T18:07:34","guid":{"rendered":"https:\/\/corrientesdetarde.com\/?p=87325"},"modified":"2023-09-12T15:07:38","modified_gmt":"2023-09-12T18:07:38","slug":"ioscor-los-medicamentos-ambulatorios-que-se-encuentren-dentro-de-los-planes-especiales-tendran-cobertura-del-100","status":"publish","type":"post","link":"https:\/\/corrientesdetarde.com\/index.php\/bienestar-y-salud\/ioscor-los-medicamentos-ambulatorios-que-se-encuentren-dentro-de-los-planes-especiales-tendran-cobertura-del-100\/","title":{"rendered":"IOSCOR: Los medicamentos ambulatorios que se encuentren dentro de los planes especiales tendr\u00e1n cobertura del 100%"},"content":{"rendered":"\n<p>El Instituto de Obra Social de Corrientes comunic\u00f3 que desde el 1 de septiembre los afiliados que adquieran medicamentos en forma ambulatoria y que se encuentran incluidos en los vadem\u00e9cums de los diversos planes especiales deber\u00e1n adherirse a los mismos para contar con la cobertura del 100%.&nbsp;<br>Con los planes, los afiliados tambi\u00e9n acceden a pr\u00e1cticas y estudios con cobertura total por parte de la Obra Social, con el objetivo que pueda garantizarse el seguimiento respectivo de la enfermedad y como una manera de fortalecer prestaci\u00f3n hacia una mejor &nbsp;salud para los correntinos.<br>En este sentido, el gerente general del IOSCOR, Gustavo Vega inform\u00f3 que, desde este mes, aquellos afiliados que adquieran medicamentos incluidos en los planes especiales (Hipertensi\u00f3n, Diabetes, Asma, entre otras), deber\u00e1n realizar los tr\u00e1mites para contar una chequera, que le permitir\u00e1 contar con la cobertura del 100% en medicamentos y pr\u00e1cticas o estudios espec\u00edficos para el tratamiento de la enfermedad cubierta por el plan.&nbsp;<br>\u201cLa intenci\u00f3n es que el afiliado cuente con un plan que le permita un seguimiento de su patolog\u00eda cr\u00f3nica evitando que la misma derive en situaciones m\u00e1s complejas de salud\u201d, puntualiz\u00f3 Vega.<br>Asimismo, explic\u00f3 que los planes especiales tienen un vadem\u00e9cum con medicamentos que son espec\u00edficos para esas patolog\u00edas y con esta medida, los afiliados que antes abonaban el 50 o 60% del valor, dependiendo si son agentes activos o jubilados o pensionados, ahora estar\u00e1n cubiertos en su totalidad realizando los tr\u00e1mites para contar con ese beneficio.<br>Ante esta nueva disposici\u00f3n, el IOSCOR solicita a los afiliados que padecen estas patolog\u00edas (Hipertensi\u00f3n, Diabetes Asma, etc.) que se acerquen a la obra social, en el edificio del Centro Administrativo ubicado en el barrio San Benito, para que realicen los tramites con el objeto de obtener la cobertura a trav\u00e9s de los planes respectivos.<br>A su vez, en el sitio web&nbsp;<a href=\"http:\/\/www.ioscor.gob.ar\/\" target=\"_blank\" rel=\"noreferrer noopener\">www.ioscor.gob.ar<\/a>&nbsp;se informan los requisitos que se requieren para realizar los planes, conjuntamente con los formularios que deben llenar los profesionales m\u00e9dicos, tambien podr\u00e1n obtener informaci\u00f3n en el &nbsp;Instituto \u2013Carrillo 444 en la capital de Corrientes- o consultar las dudas que puedan tener sobre esta nueva medida.<br>\u201cAl afiliado no solo se le aliviana en su totalidad el costo del medicamento, sino tambi\u00e9n el de muchas pr\u00e1cticas y estudios bioqu\u00edmicos con los que tambi\u00e9n cuentan estos planes especiales. El objetivo es que el afiliado pueda tener un seguimiento de su enfermedad, trabajando fuerte en la prevenci\u00f3n de la salud para evitar consecuencias graves derivadas de las mencionadas patolog\u00edas cr\u00f3nicas\u201d, coment\u00f3&nbsp;Vega.<br>En tanto, Vega indic\u00f3 que el proceso de auditor\u00eda es permanente en la Obra Social de la Provincia y a trav\u00e9s de la misma \u201cbuscamos que nuestros afiliados sean los directos beneficiarios de los planes, evitando situaciones no deseadas\u201d.<br>\u201cAsimismo, con estas acciones vamos a poder actualizar la base de datos de afiliados afectados por patolog\u00edas cr\u00f3nicas, lo que nos permite tomar las decisiones correspondientes, con relaci\u00f3n a los planes especiales\u201d, concluy\u00f3.<\/p>\n","protected":false},"excerpt":{"rendered":"<p>El Instituto de Obra Social de Corrientes comunic\u00f3 que desde el 1 de septiembre los afiliados que adquieran medicamentos en forma ambulatoria y que se encuentran incluidos en los vadem\u00e9cums&hellip; <\/p>\n","protected":false},"author":8,"featured_media":87326,"comment_status":"closed","ping_status":"open","sticky":false,"template":"","format":"standard","meta":{"footnotes":""},"categories":[16],"tags":[],"class_list":["post-87325","post","type-post","status-publish","format-standard","has-post-thumbnail","hentry","category-bienestar-y-salud"],"_links":{"self":[{"href":"https:\/\/corrientesdetarde.com\/index.php\/wp-json\/wp\/v2\/posts\/87325","targetHints":{"allow":["GET"]}}],"collection":[{"href":"https:\/\/corrientesdetarde.com\/index.php\/wp-json\/wp\/v2\/posts"}],"about":[{"href":"https:\/\/corrientesdetarde.com\/index.php\/wp-json\/wp\/v2\/types\/post"}],"author":[{"embeddable":true,"href":"https:\/\/corrientesdetarde.com\/index.php\/wp-json\/wp\/v2\/users\/8"}],"replies":[{"embeddable":true,"href":"https:\/\/corrientesdetarde.com\/index.php\/wp-json\/wp\/v2\/comments?post=87325"}],"version-history":[{"count":1,"href":"https:\/\/corrientesdetarde.com\/index.php\/wp-json\/wp\/v2\/posts\/87325\/revisions"}],"predecessor-version":[{"id":87327,"href":"https:\/\/corrientesdetarde.com\/index.php\/wp-json\/wp\/v2\/posts\/87325\/revisions\/87327"}],"wp:featuredmedia":[{"embeddable":true,"href":"https:\/\/corrientesdetarde.com\/index.php\/wp-json\/wp\/v2\/media\/87326"}],"wp:attachment":[{"href":"https:\/\/corrientesdetarde.com\/index.php\/wp-json\/wp\/v2\/media?parent=87325"}],"wp:term":[{"taxonomy":"category","embeddable":true,"href":"https:\/\/corrientesdetarde.com\/index.php\/wp-json\/wp\/v2\/categories?post=87325"},{"taxonomy":"post_tag","embeddable":true,"href":"https:\/\/corrientesdetarde.com\/index.php\/wp-json\/wp\/v2\/tags?post=87325"}],"curies":[{"name":"wp","href":"https:\/\/api.w.org\/{rel}","templated":true}]}}