{"id":87328,"date":"2023-09-12T15:12:06","date_gmt":"2023-09-12T18:12:06","guid":{"rendered":"https:\/\/corrientesdetarde.com\/?p=87328"},"modified":"2023-09-12T15:12:10","modified_gmt":"2023-09-12T18:12:10","slug":"javier-milei-le-pidio-a-massa-suspender-la-presentacion-del-presupuesto-2024-hasta-despues-de-las-elecciones","status":"publish","type":"post","link":"https:\/\/corrientesdetarde.com\/index.php\/politica\/javier-milei-le-pidio-a-massa-suspender-la-presentacion-del-presupuesto-2024-hasta-despues-de-las-elecciones\/","title":{"rendered":"Javier Milei le pidi\u00f3 a Massa suspender la presentaci\u00f3n del Presupuesto 2024 hasta despu\u00e9s de las elecciones"},"content":{"rendered":"\n<p>Desde La Libertad Avanza reclaman que se frene la entrada de la norma al Congreso, que debe ingresar el 15 de septiembre como fecha l\u00edmite.<\/p>\n\n\n\n<p>Este martes, Javier Milei\u00a0, candidato a presidente por La Libertad Avanza, solicit\u00f3 al candidato presidencial por Uni\u00f3n por la Patria, Sergio Massa\u00a0, que el Gobierno\u00a0<strong>no presente la Ley de Presupuesto 2024\u00a0<\/strong>hasta que no se defina qui\u00e9n gobernar\u00e1 el pa\u00eds despu\u00e9s de las elecciones generales.<\/p>\n\n\n\n<p>La nota dirigida al ministro de Econom\u00eda y firmada por Milei y su candidata a vicepresidenta, Victoria Villarruel, solicita que se dispense \u201ctransitoriamente al Poder Ejecutivo Nacional de la obligaci\u00f3n dispuesta en el art\u00edculo 26 de la Ley 24.156,\u00a0<strong>hasta el momento de haberse cumplimentado el acto eleccionario<\/strong>, teniendo en cuenta\u00a0<strong>la competitiva performance electoral\u00a0<\/strong>que nuestra fuerza demostr\u00f3 en las \u00faltimas elecciones\u201d.<\/p>\n\n\n\n<p>En concreto, lo que pide Milei es que&nbsp;<strong>el Poder Ejecutivo no cumpla con la Ley de Administraci\u00f3n Financiera<\/strong>, que establece que hay tiempo hasta el 15 de septiembre como l\u00edmite para enviar el Presupuesto al Congreso.<\/p>\n\n\n\n<p>El argumento del libertario est\u00e1 anclado a los resultados electorales de las&nbsp;<strong>PASO<\/strong>, que lo ubicaron como primera fuerza. Al respecto, la nota destaca que -aunque la coalici\u00f3n de Milei cosech\u00f3 la mayor cantidad de votos en agosto-, \u201cel resultado&nbsp;<strong>puso a las fuerzas pol\u00edticas mayoritarias&nbsp;en una eventual paridad de preferencias ciudadanas<\/strong>\u201d.<\/p>\n\n\n\n<figure class=\"wp-block-image\"><img decoding=\"async\" src=\"https:\/\/tn.com.ar\/resizer\/SNFPCWKpzHyf2nX14Xn6dol5Jrw=\/767x0\/smart\/filters:format(webp)\/cloudfront-us-east-1.images.arcpublishing.com\/artear\/5NLHLMEBGBBUBOXUC2UAJ43YZY.PNG\" alt=\"Desde La Libertad Avanza reclaman que se frene la entrada de la norma al Congreso, que debe ingresar el 15 de septiembre como fecha l\u00edmite. La misiva que Milei le envi\u00f3 a Massa. (Foto: captura)\"\/><\/figure>\n\n\n\n<p>En este sentido, para Milei, esta \u201cparidad de preferencias\u201d hace que la discusi\u00f3n del presupuesto sea a\u00fan m\u00e1s&nbsp;crucial en t\u00e9rminos de&nbsp;<strong>pol\u00edticas monetarias, cambiarias y financieras<\/strong>.<\/p>\n\n\n\n<p>Hacia el final, el texto plantea que luego de las elecciones, el Poder Ejecutivo Nacional podr\u00eda remitir a la C\u00e1mara de Diputados el proyecto de Presupuesto,<strong>&nbsp;\u201cen consenso con la fuerza pol\u00edtica que resultare la m\u00e1s votada<\/strong>&nbsp;en la convocatoria del 22 de octubre\u201d.<\/p>\n","protected":false},"excerpt":{"rendered":"<p>Desde La Libertad Avanza reclaman que se frene la entrada de la norma al Congreso, que debe ingresar el 15 de septiembre como fecha l\u00edmite. Este martes, Javier Milei\u00a0, candidato&hellip; <\/p>\n","protected":false},"author":8,"featured_media":87329,"comment_status":"closed","ping_status":"open","sticky":false,"template":"","format":"standard","meta":{"footnotes":""},"categories":[3],"tags":[],"class_list":["post-87328","post","type-post","status-publish","format-standard","has-post-thumbnail","hentry","category-politica"],"_links":{"self":[{"href":"https:\/\/corrientesdetarde.com\/index.php\/wp-json\/wp\/v2\/posts\/87328","targetHints":{"allow":["GET"]}}],"collection":[{"href":"https:\/\/corrientesdetarde.com\/index.php\/wp-json\/wp\/v2\/posts"}],"about":[{"href":"https:\/\/corrientesdetarde.com\/index.php\/wp-json\/wp\/v2\/types\/post"}],"author":[{"embeddable":true,"href":"https:\/\/corrientesdetarde.com\/index.php\/wp-json\/wp\/v2\/users\/8"}],"replies":[{"embeddable":true,"href":"https:\/\/corrientesdetarde.com\/index.php\/wp-json\/wp\/v2\/comments?post=87328"}],"version-history":[{"count":1,"href":"https:\/\/corrientesdetarde.com\/index.php\/wp-json\/wp\/v2\/posts\/87328\/revisions"}],"predecessor-version":[{"id":87330,"href":"https:\/\/corrientesdetarde.com\/index.php\/wp-json\/wp\/v2\/posts\/87328\/revisions\/87330"}],"wp:featuredmedia":[{"embeddable":true,"href":"https:\/\/corrientesdetarde.com\/index.php\/wp-json\/wp\/v2\/media\/87329"}],"wp:attachment":[{"href":"https:\/\/corrientesdetarde.com\/index.php\/wp-json\/wp\/v2\/media?parent=87328"}],"wp:term":[{"taxonomy":"category","embeddable":true,"href":"https:\/\/corrientesdetarde.com\/index.php\/wp-json\/wp\/v2\/categories?post=87328"},{"taxonomy":"post_tag","embeddable":true,"href":"https:\/\/corrientesdetarde.com\/index.php\/wp-json\/wp\/v2\/tags?post=87328"}],"curies":[{"name":"wp","href":"https:\/\/api.w.org\/{rel}","templated":true}]}}