{"id":87331,"date":"2023-09-12T15:15:41","date_gmt":"2023-09-12T18:15:41","guid":{"rendered":"https:\/\/corrientesdetarde.com\/?p=87331"},"modified":"2023-09-12T15:15:45","modified_gmt":"2023-09-12T18:15:45","slug":"la-decision-que-tomo-michael-cheika-despues-de-la-derrota-de-los-pumas-en-el-mundial","status":"publish","type":"post","link":"https:\/\/corrientesdetarde.com\/index.php\/deportes\/la-decision-que-tomo-michael-cheika-despues-de-la-derrota-de-los-pumas-en-el-mundial\/","title":{"rendered":"La decisi\u00f3n que tom\u00f3 Michael Cheika despu\u00e9s de la derrota de Los Pumas en el Mundial"},"content":{"rendered":"\n<p>El equipo se prepara para su segundo compromiso frente al seleccionado de Samoa, que se jugar\u00e1 el viernes 22, en la ciudad de Saint- Etienne.<\/p>\n\n\n\n<p>\u201cPr\u00e1cticamente todo lo que pod\u00eda salir mal sali\u00f3 mal\u201d. La frase de\u00a0<strong>Michael Cheika<\/strong>\u00a0en conferencia de prensa son\u00f3 fuerte en la concentraci\u00f3n de\u00a0Los Pumas. El entrenador del equipo admiti\u00f3 que la derrota ante Inglaterra fue peor de lo esperado\u00a0\u00a0y por eso<strong>\u00a0decidi\u00f3 darles el lunes libre a todos los integrantes del plantel.<\/strong><\/p>\n\n\n\n<p><strong>No fue una decisi\u00f3n apresurada, sino m\u00e1s bien la b\u00fasqueda de un reseteo como para dar vuelta la p\u00e1gina<\/strong>\u00a0y pensar en el pr\u00f3ximo choque ante Samoa, que ahora se convirti\u00f3 en vital.<\/p>\n\n\n\n<p><strong>Reci\u00e9n hoy el equipo se volver\u00e1 a juntar para hacer autocr\u00edtica de lo que ocurri\u00f3 el s\u00e1bado en el debut<\/strong>. As\u00ed lo dej\u00f3 en claro Felipe Contepomi, que habl\u00f3 en conferencia de prensa y cont\u00f3 c\u00f3mo se vivi\u00f3 puertas adentro la derrota ante Inglaterra.<\/p>\n\n\n\n<figure class=\"wp-block-image\"><img decoding=\"async\" src=\"https:\/\/tn.com.ar\/resizer\/zS-phcvcxkNS5T6R2neJGBjYwtc=\/767x0\/smart\/filters:format(webp)\/cloudfront-us-east-1.images.arcpublishing.com\/artear\/W7FZW4Q2GFE5FENKLTUSEVTGH4.jpg\" alt=\"Los Pumas perdieron ante Inglaterra en el debut en el Mundial de rugby. (Foto: Reuters)\"\/><\/figure>\n\n\n\n<p>\u201cNo nos juntamos como equipo todav\u00eda para para rever todo, pero s\u00ed hablamos de hacer una autocr\u00edtica personal.&nbsp;<strong>Me imagino que cada uno tiene sus cosas como para preguntarse o cuestionarse o ver por qu\u00e9 no se pudo llevar a cabo lo que quer\u00edamos hacer en la cancha<\/strong>. Despu\u00e9s cada uno toma el aprendizaje, porque de esta situaciones hay que aprender y mejorar. Por ahora lo hicimos individualmente\u201d, cont\u00f3 el entrenador asistente del elenco nacional.<\/p>\n\n\n\n<p>Adem\u00e1s, agreg\u00f3: \u201c<strong>Yo en cierta manera me cuestiono en c\u00f3mo los prepar\u00e9, por ah\u00ed fui un poco permisivo en los errores no forzados en el entrenamiento<\/strong>&nbsp;y por ah\u00ed hay que mejorar un poco de ac\u00e1 en adelante para que el jugador pueda entender que un error no forzado lleva una consecuencia que puede ser en detrimento al resultado final o a c\u00f3mo sigue el partido\u201d.<\/p>\n\n\n\n<figure class=\"wp-block-image\"><img decoding=\"async\" src=\"https:\/\/tn.com.ar\/resizer\/24EfKrzN8fZD5H8e3kyvrDKGuJA=\/767x0\/smart\/filters:format(webp)\/cloudfront-us-east-1.images.arcpublishing.com\/artear\/V4JM7S3L6YDBB2P7VXZREMZIIE.jpg\" alt=\"Reci\u00e9n hoy el equipo se volver\u00e1 a juntar para hacer autocr\u00edtica de lo que ocurri\u00f3 el s\u00e1bado en el debut. (REUTERS\/Peter Cziborra)\"\/><\/figure>\n\n\n\n<h2 class=\"wp-block-heading\">Qu\u00e9 d\u00eda y a qu\u00e9 hora juegan Los Pumas vs. Samoa<\/h2>\n\n\n\n<p>El segundo de la selecci\u00f3n argentina de rugby ser\u00e1 el viernes 22 de septiembre a las 12.45 en el estadio Geoffroy-Guichard de la ciudad de Saint-\u00c9tienne.<\/p>\n\n\n\n<h2 class=\"wp-block-heading\">Qu\u00e9 canal transmite a Los Pumas vs. Samoa<\/h2>\n\n\n\n<p>El partido podr\u00e1 verse por la pantalla de&nbsp;<em>ESPN<\/em>.<\/p>\n\n\n\n<h2 class=\"wp-block-heading\">Lo que le queda a Los Pumas en el Mundial de rugby<\/h2>\n\n\n\n<ul class=\"wp-block-list\"><li>Viernes 22 de septiembre, a las 12.45 horas, Argentina se medir\u00e1 contra Samoa.<\/li><li>S\u00e1bado 30 de septiembre, a las 10.00 horas, Argentina jugar\u00e1 contra Chile.<\/li><li>Domingo 8 de octubre, a las 8.00 horas, Argentina se enfrentar\u00e1 a Jap\u00f3n.<\/li><\/ul>\n\n\n\n<h3 class=\"wp-block-heading\"><\/h3>\n","protected":false},"excerpt":{"rendered":"<p>El equipo se prepara para su segundo compromiso frente al seleccionado de Samoa, que se jugar\u00e1 el viernes 22, en la ciudad de Saint- Etienne. \u201cPr\u00e1cticamente todo lo que pod\u00eda&hellip; <\/p>\n","protected":false},"author":8,"featured_media":87332,"comment_status":"closed","ping_status":"open","sticky":false,"template":"","format":"standard","meta":{"footnotes":""},"categories":[4],"tags":[],"class_list":["post-87331","post","type-post","status-publish","format-standard","has-post-thumbnail","hentry","category-deportes"],"_links":{"self":[{"href":"https:\/\/corrientesdetarde.com\/index.php\/wp-json\/wp\/v2\/posts\/87331","targetHints":{"allow":["GET"]}}],"collection":[{"href":"https:\/\/corrientesdetarde.com\/index.php\/wp-json\/wp\/v2\/posts"}],"about":[{"href":"https:\/\/corrientesdetarde.com\/index.php\/wp-json\/wp\/v2\/types\/post"}],"author":[{"embeddable":true,"href":"https:\/\/corrientesdetarde.com\/index.php\/wp-json\/wp\/v2\/users\/8"}],"replies":[{"embeddable":true,"href":"https:\/\/corrientesdetarde.com\/index.php\/wp-json\/wp\/v2\/comments?post=87331"}],"version-history":[{"count":1,"href":"https:\/\/corrientesdetarde.com\/index.php\/wp-json\/wp\/v2\/posts\/87331\/revisions"}],"predecessor-version":[{"id":87333,"href":"https:\/\/corrientesdetarde.com\/index.php\/wp-json\/wp\/v2\/posts\/87331\/revisions\/87333"}],"wp:featuredmedia":[{"embeddable":true,"href":"https:\/\/corrientesdetarde.com\/index.php\/wp-json\/wp\/v2\/media\/87332"}],"wp:attachment":[{"href":"https:\/\/corrientesdetarde.com\/index.php\/wp-json\/wp\/v2\/media?parent=87331"}],"wp:term":[{"taxonomy":"category","embeddable":true,"href":"https:\/\/corrientesdetarde.com\/index.php\/wp-json\/wp\/v2\/categories?post=87331"},{"taxonomy":"post_tag","embeddable":true,"href":"https:\/\/corrientesdetarde.com\/index.php\/wp-json\/wp\/v2\/tags?post=87331"}],"curies":[{"name":"wp","href":"https:\/\/api.w.org\/{rel}","templated":true}]}}