{"id":87337,"date":"2023-09-12T15:23:53","date_gmt":"2023-09-12T18:23:53","guid":{"rendered":"https:\/\/corrientesdetarde.com\/?p=87337"},"modified":"2023-09-12T15:24:05","modified_gmt":"2023-09-12T18:24:05","slug":"lanzamiento-de-la-noche-de-las-bibliotecas-populares","status":"publish","type":"post","link":"https:\/\/corrientesdetarde.com\/index.php\/sociales\/lanzamiento-de-la-noche-de-las-bibliotecas-populares\/","title":{"rendered":"Lanzamiento de La Noche de las Bibliotecas Populares"},"content":{"rendered":"\n<p>Este mi\u00e9rcoles 13 de septiembre, a las 10,30, en el Instituto de Cultura de Corrientes se realizar\u00e1 el lanzamiento de la segunda edici\u00f3n de la \u201cLa Noche de las Bibliotecas Populares\u201d, organizado por la Federaci\u00f3n Correntina de Bibliotecas Populares en conjunto con la Confederaci\u00f3n de Bibliotecas Populares.<\/p>\n\n\n\n<p>A trav\u00e9s de una rueda de prensa se brindar\u00e1n detalles de este evento que se desarrollar\u00e1 el s\u00e1bado 23 de septiembre, a partir de las 20 y hasta la medianoche, en las bibliotecas populares de toda la provincia con presentaciones de libros, exposiciones, charlas y otras actividades culturales.<\/p>\n\n\n\n<p>Estar\u00e1n presente el presidente del Instituto de Cultura, Arq. Gabriel Romero, el presidente de la Biblioteca Popular Escritores Correntinos, Horacio Ram\u00edrez, la delegada federativa Mar\u00eda Olga Gim\u00e9nez, la representante de la Biblioteca Popular Arand\u00fa, de la Biblioteca Popular Jos\u00e9 Francisco de San Mart\u00edn, Marisa Portillo y Amalia Paduan de la Biblioteca Josefina Contte.<\/p>\n","protected":false},"excerpt":{"rendered":"<p>Este mi\u00e9rcoles 13 de septiembre, a las 10,30, en el Instituto de Cultura de Corrientes se realizar\u00e1 el lanzamiento de la segunda edici\u00f3n de la \u201cLa Noche de las Bibliotecas&hellip; <\/p>\n","protected":false},"author":8,"featured_media":87338,"comment_status":"closed","ping_status":"open","sticky":false,"template":"","format":"standard","meta":{"footnotes":""},"categories":[17],"tags":[],"class_list":["post-87337","post","type-post","status-publish","format-standard","has-post-thumbnail","hentry","category-sociales"],"_links":{"self":[{"href":"https:\/\/corrientesdetarde.com\/index.php\/wp-json\/wp\/v2\/posts\/87337","targetHints":{"allow":["GET"]}}],"collection":[{"href":"https:\/\/corrientesdetarde.com\/index.php\/wp-json\/wp\/v2\/posts"}],"about":[{"href":"https:\/\/corrientesdetarde.com\/index.php\/wp-json\/wp\/v2\/types\/post"}],"author":[{"embeddable":true,"href":"https:\/\/corrientesdetarde.com\/index.php\/wp-json\/wp\/v2\/users\/8"}],"replies":[{"embeddable":true,"href":"https:\/\/corrientesdetarde.com\/index.php\/wp-json\/wp\/v2\/comments?post=87337"}],"version-history":[{"count":1,"href":"https:\/\/corrientesdetarde.com\/index.php\/wp-json\/wp\/v2\/posts\/87337\/revisions"}],"predecessor-version":[{"id":87339,"href":"https:\/\/corrientesdetarde.com\/index.php\/wp-json\/wp\/v2\/posts\/87337\/revisions\/87339"}],"wp:featuredmedia":[{"embeddable":true,"href":"https:\/\/corrientesdetarde.com\/index.php\/wp-json\/wp\/v2\/media\/87338"}],"wp:attachment":[{"href":"https:\/\/corrientesdetarde.com\/index.php\/wp-json\/wp\/v2\/media?parent=87337"}],"wp:term":[{"taxonomy":"category","embeddable":true,"href":"https:\/\/corrientesdetarde.com\/index.php\/wp-json\/wp\/v2\/categories?post=87337"},{"taxonomy":"post_tag","embeddable":true,"href":"https:\/\/corrientesdetarde.com\/index.php\/wp-json\/wp\/v2\/tags?post=87337"}],"curies":[{"name":"wp","href":"https:\/\/api.w.org\/{rel}","templated":true}]}}