{"id":87343,"date":"2023-09-12T16:03:21","date_gmt":"2023-09-12T19:03:21","guid":{"rendered":"https:\/\/corrientesdetarde.com\/?p=87343"},"modified":"2023-09-12T16:03:33","modified_gmt":"2023-09-12T19:03:33","slug":"artistas-becados-inauguraron-la-muestra-andamio-en-santo-tome","status":"publish","type":"post","link":"https:\/\/corrientesdetarde.com\/index.php\/cultura\/artistas-becados-inauguraron-la-muestra-andamio-en-santo-tome\/","title":{"rendered":"Artistas becados inauguraron la muestra \u201cAndamio\u201d en Santo Tom\u00e9"},"content":{"rendered":"\n<p>En la Casa del Bicentenario de la localidad de Santo Tom\u00e9 qued\u00f3 inaugurada hoy a la ma\u00f1ana la exposici\u00f3n \u201cAndamio\u201d, que re\u00fane las obras de los 15 artistas visuales correntinos que recibieron becas de est\u00edmulo a la creaci\u00f3n -con acceso a tutor\u00edas- otorgadas por el Instituto de Cultura de Corrientes. Podr\u00e1 visitarse hasta el 23 de septiembre. &nbsp;<\/p>\n\n\n\n<p>Del acto formaron parte el intendente de Santo Tom\u00e9, Augusto Suaid, el director de Cultura de Santo Tom\u00e9, Gerar Romero Sosa, entre otras autoridades municipales, y en representaci\u00f3n del Instituto de Cultura, la coordinadora del Programa, Fernanda Toccalino. Adem\u00e1s, estuvieron presentes los artistas Lupicia Escobar, Guillermina Bres y el artista becario de Santo Tom\u00e9, Fernando Luzuriaga.<\/p>\n\n\n\n<p>El jefe comunal agradeci\u00f3 al Instituto de Cultura de Corrientes y valor\u00f3 el programa de becas, adem\u00e1s de felicitar a los artistas visuales que est\u00e1n exponiendo sus obras. Tambi\u00e9n consider\u00f3 que esta muestra ser\u00e1 importante para los artistas de la regi\u00f3n, porque \u201cse van a enriquecer\u201d y &#8220;abrir la cabeza&#8221; al conocer lo que hacen los dem\u00e1s.<\/p>\n\n\n\n<p>Agreg\u00f3 que la Casa del Bicentenario \u201ctiene mucho movimiento\u201d y, por eso, esperaba que esta exposici\u00f3n \u201cllegue a mucha gente\u201d.<\/p>\n\n\n\n<p>Por su parte, la representante por el Instituto de Cultura, Fernanda Toccalino agradeci\u00f3 el recibimiento y destac\u00f3 la importancia de formar una comunidad para generar v\u00ednculos, socializar la producci\u00f3n y actualizar saberes. \u201cAndamio es la posibilidad de tener un sost\u00e9n que te eleve y ofrezca un cambio de perspectiva.&nbsp;La materialidad y t\u00e9cnicas tan diferentes, las narrativas y po\u00e9ticas de las obras son una oportunidad de conocer m\u00e1s profundamente la escena de las artes visuales correntinas\u201d, sostuvo.<\/p>\n\n\n\n<p>Por \u00faltimo, anunci\u00f3 que se har\u00e1 una segunda edici\u00f3n y anim\u00f3 a qu\u00e9 se postulen los artistas de la regi\u00f3n.<\/p>\n\n\n\n<p>Despu\u00e9s de un recorrido de las autoridades por la muestra, se concret\u00f3 una reuni\u00f3n informal con los artistas de Santo Tom\u00e9 presentes y se habl\u00f3 sobre sus pr\u00e1cticas y visiones.<\/p>\n\n\n\n<p><strong>Becas<\/strong><\/p>\n\n\n\n<p>En su pol\u00edtica de acompa\u00f1amiento y fortalecimiento a los artistas, el Instituto de Cultura otorg\u00f3 becas de est\u00edmulo a la creaci\u00f3n, y despu\u00e9s de tres meses de trabajo grupal, curaron la exposici\u00f3n \u201cAndamio\u201d con obra de todos los artistas becarios participantes que fue exhibida en la edici\u00f3n de ArteCo 2023.<\/p>\n\n\n\n<p>Los becarios fueron seleccionados por un jurado a trav\u00e9s de una convocatoria p\u00fablica, y recibieron un monto de dinero en concepto de est\u00edmulo para el desarrollo creativo de su producci\u00f3n y la compra de materiales e insumos.<\/p>\n\n\n\n<p>Exponen en ANDAMIO: Cesar Pereyra&nbsp; (Chavarr\u00eda) &#8211; Claudio Ojeda (Corrientes Cap.) &#8211; Ma de los Milagros Montejo E. (Goya) &#8211; Lupicia Escobar (Corrientes Cap.) &#8211; B\u00e1rbara R\u00edo Paran\u00e1 (Mercedes) &#8211; Cristian Badaro (Corrientes Cap.) &#8211; Hern\u00e1n Ram\u00edrez (Corrientes Cap.) &#8211; Javier Retamozo (Laguna Brava) &#8211; Ingrid Petterson (Corrientes Cap.) &#8211; Leonardo Ismael R\u00edos (Curuz\u00fa Cuati\u00e1) &#8211; Carla Colombo (Paso de la Patria) &#8211; Nicol\u00e1s Jacobo (Corrientes Cap.) &#8211; Romina Luz Garay (Corrientes Cap.) &#8211; Fernando Luzuriaga (Santo Tom\u00e9) &#8211; Guillermina Bres (Corrientes Cap.)<\/p>\n\n\n\n<p>Cabe recordar que la coordinadora del Programa es Fernanda Toccalino, el coordinador de Tutor\u00edas 2023: Diego Figueroa, y el jurado estuvo conformado por: Josefina Madariaga, Diego Figueroa y Fernanda Toccalino.<\/p>\n\n\n\n<figure class=\"wp-block-image size-large\"><img loading=\"lazy\" decoding=\"async\" width=\"1024\" height=\"605\" src=\"https:\/\/corrientesdetarde.com\/wp-content\/uploads\/2023\/09\/image-270-1024x605.png\" alt=\"\" class=\"wp-image-87344\" srcset=\"https:\/\/corrientesdetarde.com\/wp-content\/uploads\/2023\/09\/image-270-1024x605.png 1024w, https:\/\/corrientesdetarde.com\/wp-content\/uploads\/2023\/09\/image-270-300x177.png 300w, https:\/\/corrientesdetarde.com\/wp-content\/uploads\/2023\/09\/image-270-768x453.png 768w, https:\/\/corrientesdetarde.com\/wp-content\/uploads\/2023\/09\/image-270.png 1040w\" sizes=\"auto, (max-width: 1024px) 100vw, 1024px\" \/><\/figure>\n\n\n\n<figure class=\"wp-block-image size-large\"><img loading=\"lazy\" decoding=\"async\" width=\"1024\" height=\"576\" src=\"https:\/\/corrientesdetarde.com\/wp-content\/uploads\/2023\/09\/image-271-1024x576.png\" alt=\"\" class=\"wp-image-87345\" srcset=\"https:\/\/corrientesdetarde.com\/wp-content\/uploads\/2023\/09\/image-271-1024x576.png 1024w, https:\/\/corrientesdetarde.com\/wp-content\/uploads\/2023\/09\/image-271-300x169.png 300w, https:\/\/corrientesdetarde.com\/wp-content\/uploads\/2023\/09\/image-271-768x432.png 768w, https:\/\/corrientesdetarde.com\/wp-content\/uploads\/2023\/09\/image-271.png 1156w\" sizes=\"auto, (max-width: 1024px) 100vw, 1024px\" \/><\/figure>\n\n\n\n<figure class=\"wp-block-image size-large\"><img loading=\"lazy\" decoding=\"async\" width=\"590\" height=\"1024\" src=\"https:\/\/corrientesdetarde.com\/wp-content\/uploads\/2023\/09\/image-272-590x1024.png\" alt=\"\" class=\"wp-image-87346\" srcset=\"https:\/\/corrientesdetarde.com\/wp-content\/uploads\/2023\/09\/image-272-590x1024.png 590w, https:\/\/corrientesdetarde.com\/wp-content\/uploads\/2023\/09\/image-272-173x300.png 173w, https:\/\/corrientesdetarde.com\/wp-content\/uploads\/2023\/09\/image-272.png 737w\" sizes=\"auto, (max-width: 590px) 100vw, 590px\" \/><\/figure>\n\n\n\n<figure class=\"wp-block-image size-large\"><img loading=\"lazy\" decoding=\"async\" width=\"576\" height=\"1024\" src=\"https:\/\/corrientesdetarde.com\/wp-content\/uploads\/2023\/09\/image-273-576x1024.png\" alt=\"\" class=\"wp-image-87347\" srcset=\"https:\/\/corrientesdetarde.com\/wp-content\/uploads\/2023\/09\/image-273-576x1024.png 576w, https:\/\/corrientesdetarde.com\/wp-content\/uploads\/2023\/09\/image-273-169x300.png 169w, https:\/\/corrientesdetarde.com\/wp-content\/uploads\/2023\/09\/image-273.png 650w\" sizes=\"auto, (max-width: 576px) 100vw, 576px\" \/><\/figure>\n\n\n\n<figure class=\"wp-block-image size-large\"><img loading=\"lazy\" decoding=\"async\" width=\"1024\" height=\"576\" src=\"https:\/\/corrientesdetarde.com\/wp-content\/uploads\/2023\/09\/image-274-1024x576.png\" alt=\"\" class=\"wp-image-87348\" srcset=\"https:\/\/corrientesdetarde.com\/wp-content\/uploads\/2023\/09\/image-274-1024x576.png 1024w, https:\/\/corrientesdetarde.com\/wp-content\/uploads\/2023\/09\/image-274-300x169.png 300w, https:\/\/corrientesdetarde.com\/wp-content\/uploads\/2023\/09\/image-274-768x432.png 768w, https:\/\/corrientesdetarde.com\/wp-content\/uploads\/2023\/09\/image-274.png 1156w\" sizes=\"auto, (max-width: 1024px) 100vw, 1024px\" \/><\/figure>\n\n\n\n<figure class=\"wp-block-image size-large\"><img loading=\"lazy\" decoding=\"async\" width=\"1024\" height=\"586\" src=\"https:\/\/corrientesdetarde.com\/wp-content\/uploads\/2023\/09\/image-275-1024x586.png\" alt=\"\" class=\"wp-image-87349\" srcset=\"https:\/\/corrientesdetarde.com\/wp-content\/uploads\/2023\/09\/image-275-1024x586.png 1024w, https:\/\/corrientesdetarde.com\/wp-content\/uploads\/2023\/09\/image-275-300x172.png 300w, https:\/\/corrientesdetarde.com\/wp-content\/uploads\/2023\/09\/image-275-768x439.png 768w, https:\/\/corrientesdetarde.com\/wp-content\/uploads\/2023\/09\/image-275.png 1280w\" sizes=\"auto, (max-width: 1024px) 100vw, 1024px\" \/><\/figure>\n","protected":false},"excerpt":{"rendered":"<p>En la Casa del Bicentenario de la localidad de Santo Tom\u00e9 qued\u00f3 inaugurada hoy a la ma\u00f1ana la exposici\u00f3n \u201cAndamio\u201d, que re\u00fane las obras de los 15 artistas visuales correntinos&hellip; <\/p>\n","protected":false},"author":8,"featured_media":87349,"comment_status":"closed","ping_status":"open","sticky":false,"template":"","format":"standard","meta":{"footnotes":""},"categories":[15],"tags":[],"class_list":["post-87343","post","type-post","status-publish","format-standard","has-post-thumbnail","hentry","category-cultura"],"_links":{"self":[{"href":"https:\/\/corrientesdetarde.com\/index.php\/wp-json\/wp\/v2\/posts\/87343","targetHints":{"allow":["GET"]}}],"collection":[{"href":"https:\/\/corrientesdetarde.com\/index.php\/wp-json\/wp\/v2\/posts"}],"about":[{"href":"https:\/\/corrientesdetarde.com\/index.php\/wp-json\/wp\/v2\/types\/post"}],"author":[{"embeddable":true,"href":"https:\/\/corrientesdetarde.com\/index.php\/wp-json\/wp\/v2\/users\/8"}],"replies":[{"embeddable":true,"href":"https:\/\/corrientesdetarde.com\/index.php\/wp-json\/wp\/v2\/comments?post=87343"}],"version-history":[{"count":1,"href":"https:\/\/corrientesdetarde.com\/index.php\/wp-json\/wp\/v2\/posts\/87343\/revisions"}],"predecessor-version":[{"id":87350,"href":"https:\/\/corrientesdetarde.com\/index.php\/wp-json\/wp\/v2\/posts\/87343\/revisions\/87350"}],"wp:featuredmedia":[{"embeddable":true,"href":"https:\/\/corrientesdetarde.com\/index.php\/wp-json\/wp\/v2\/media\/87349"}],"wp:attachment":[{"href":"https:\/\/corrientesdetarde.com\/index.php\/wp-json\/wp\/v2\/media?parent=87343"}],"wp:term":[{"taxonomy":"category","embeddable":true,"href":"https:\/\/corrientesdetarde.com\/index.php\/wp-json\/wp\/v2\/categories?post=87343"},{"taxonomy":"post_tag","embeddable":true,"href":"https:\/\/corrientesdetarde.com\/index.php\/wp-json\/wp\/v2\/tags?post=87343"}],"curies":[{"name":"wp","href":"https:\/\/api.w.org\/{rel}","templated":true}]}}