{"id":87668,"date":"2023-09-13T20:54:23","date_gmt":"2023-09-13T23:54:23","guid":{"rendered":"https:\/\/corrientesdetarde.com\/?p=87668"},"modified":"2023-09-13T20:54:27","modified_gmt":"2023-09-13T23:54:27","slug":"brasil-le-gano-sobre-la-hora-a-peru-y-alcanzo-a-argentina-en-el-primer-puesto-de-las-eliminatorias","status":"publish","type":"post","link":"https:\/\/corrientesdetarde.com\/index.php\/deportes\/brasil-le-gano-sobre-la-hora-a-peru-y-alcanzo-a-argentina-en-el-primer-puesto-de-las-eliminatorias\/","title":{"rendered":"Brasil le gan\u00f3 sobre la hora a Per\u00fa y alcanz\u00f3 a Argentina en el primer puesto de las Eliminatorias"},"content":{"rendered":"\n<p>Fue por 1 a 0 en Lima con una muy floja imagen de los dirigidos por Fernando Diniz.<\/p>\n\n\n\n<p><strong>Brasil\u00a0igual\u00f3 a Argentina como l\u00edder de la tabla de posiciones tras derrotar 1 a 0 con Per\u00fa<\/strong>, que tuvo a Pedro Gallese como figura, como visitante en el cierre de la segunda fecha de las Eliminatorias Sudamericanas para el Mundial M\u00e9xico, Estados Unidos y Canad\u00e1 2026.<\/p>\n\n\n\n<p>En el \u00faltimo minuto del partido,&nbsp;<strong>Gonzalo Martinelli gan\u00f3 un tiro de esquina y con un centro magistral de Neymar con su derecha, Marquinhos anticip\u00f3 a todos en el primer palo y venci\u00f3 a Gallese para el 1 a 0.<\/strong><\/p>\n\n\n\n<p>El conjunto brasile\u00f1o domin\u00f3 gran parte del encuentro y tuvo las opciones m\u00e1s claras de marcar pero se top\u00f3 con un seleccionado peruano bien firme en el fondo que le cerr\u00f3 los caminos y aprovech\u00f3 los espacios para lastimar las veces que pudo.&nbsp;<strong>Gallese fue por momentos el gran h\u00e9roe de su equipo por sus salvadas.<\/strong><\/p>\n\n\n\n<p>A los 29 minutos, el equipo brasile\u00f1o ejecut\u00f3 un centro desde la parte derecha de la cancha que conect\u00f3 Richarlison con la cabeza para el gol de la visita en Lima. No obstante, el \u00e1rbitro argentino Fernando Rapallini cobr\u00f3 posici\u00f3n adelantada despu\u00e9s del remate del delantero. La queja de los visitantes fue que tard\u00f3 demasiado en chequear la jugada en el VAR.<\/p>\n\n\n\n<p>Para la segunda etapa, Brasil no pudo ante un Per\u00fa muy bien parado en el fondo de la cancha. Le cerr\u00f3 muy bien los espacios y no lo dej\u00f3 desbordar. El equipo rojo y blanco aprovech\u00f3 el adelantamiento de las l\u00edneas del visitante para lastimar de contraataque, aunque le cost\u00f3 definir con claridad.<\/p>\n\n\n\n<p>La pr\u00f3xima doble fecha FIFA, la cu\u00e1l se llevar\u00e1 a cabo a mediados de octubre, tendr\u00e1 a Brasil recibiendo a Venezuela, mientras que Per\u00fa viajar\u00e1 a Santiago para enfrentar a Chile por la tercera fecha de las Eliminatorias.<\/p>\n","protected":false},"excerpt":{"rendered":"<p>Fue por 1 a 0 en Lima con una muy floja imagen de los dirigidos por Fernando Diniz. Brasil\u00a0igual\u00f3 a Argentina como l\u00edder de la tabla de posiciones tras derrotar&hellip; <\/p>\n","protected":false},"author":4,"featured_media":87690,"comment_status":"closed","ping_status":"open","sticky":false,"template":"","format":"standard","meta":{"footnotes":""},"categories":[4],"tags":[],"class_list":["post-87668","post","type-post","status-publish","format-standard","has-post-thumbnail","hentry","category-deportes"],"_links":{"self":[{"href":"https:\/\/corrientesdetarde.com\/index.php\/wp-json\/wp\/v2\/posts\/87668","targetHints":{"allow":["GET"]}}],"collection":[{"href":"https:\/\/corrientesdetarde.com\/index.php\/wp-json\/wp\/v2\/posts"}],"about":[{"href":"https:\/\/corrientesdetarde.com\/index.php\/wp-json\/wp\/v2\/types\/post"}],"author":[{"embeddable":true,"href":"https:\/\/corrientesdetarde.com\/index.php\/wp-json\/wp\/v2\/users\/4"}],"replies":[{"embeddable":true,"href":"https:\/\/corrientesdetarde.com\/index.php\/wp-json\/wp\/v2\/comments?post=87668"}],"version-history":[{"count":1,"href":"https:\/\/corrientesdetarde.com\/index.php\/wp-json\/wp\/v2\/posts\/87668\/revisions"}],"predecessor-version":[{"id":87691,"href":"https:\/\/corrientesdetarde.com\/index.php\/wp-json\/wp\/v2\/posts\/87668\/revisions\/87691"}],"wp:featuredmedia":[{"embeddable":true,"href":"https:\/\/corrientesdetarde.com\/index.php\/wp-json\/wp\/v2\/media\/87690"}],"wp:attachment":[{"href":"https:\/\/corrientesdetarde.com\/index.php\/wp-json\/wp\/v2\/media?parent=87668"}],"wp:term":[{"taxonomy":"category","embeddable":true,"href":"https:\/\/corrientesdetarde.com\/index.php\/wp-json\/wp\/v2\/categories?post=87668"},{"taxonomy":"post_tag","embeddable":true,"href":"https:\/\/corrientesdetarde.com\/index.php\/wp-json\/wp\/v2\/tags?post=87668"}],"curies":[{"name":"wp","href":"https:\/\/api.w.org\/{rel}","templated":true}]}}