{"id":87669,"date":"2023-09-13T20:42:30","date_gmt":"2023-09-13T23:42:30","guid":{"rendered":"https:\/\/corrientesdetarde.com\/?p=87669"},"modified":"2023-09-13T20:42:42","modified_gmt":"2023-09-13T23:42:42","slug":"chile-y-colombia-no-se-sacaron-ventajas-en-un-partido-muy-discreto","status":"publish","type":"post","link":"https:\/\/corrientesdetarde.com\/index.php\/deportes\/chile-y-colombia-no-se-sacaron-ventajas-en-un-partido-muy-discreto\/","title":{"rendered":"Chile y Colombia no se sacaron ventajas en un partido muy discreto"},"content":{"rendered":"\n<p>Fue en un disputado 0 a 0 que no conform\u00f3 a ninguno, pero los locales fueron los m\u00e1s perjudicados con el resultado, ya que tuvieron m\u00e1s situaciones.<\/p>\n\n\n\n<p><strong>Chile empat\u00f3 como local ante Colombia por 0 a 0 en un encuentro muy parejo que tuvo como punto destacado la lesi\u00f3n de Arturo Vidal, quien ya hab\u00eda iniciado con una molestia en su pierna,\u00a0<\/strong>en el cierre de la segunda fecha de las\u00a0Eliminatorias Sudamericanas\u00a0para el Mundial M\u00e9xico, Estados Unidos y Canad\u00e1 2026<strong>.<\/strong><\/p>\n\n\n\n<p>Ambos seleccionados dejaron pasar oportunidades importantes.&nbsp;<strong>Los chilenos no pudieron sumar de tres y con apenas un puntos terminaron la doble fecha FIFA en la octava posici\u00f3n, fuera de los clasificados, mientras que Colombia pod\u00eda terminar como l\u00edder junto a Argentina<\/strong>.<\/p>\n\n\n\n<p>A los 30 minutos del segundo tiempo,&nbsp;<strong>Vidal no resisti\u00f3 m\u00e1s el vendaje que se coloc\u00f3 para frenar el dolor en su pierna y se tir\u00f3 al suelo para ser reemplazo por Charles Ar\u00e1nguiz.<\/strong>&nbsp;En el calentamiento y en el entretiempo ya hab\u00eda dado muestras de dolor pero quiso seguir en el partido.<\/p>\n\n\n\n<p>La primera etapa transcurri\u00f3 muy pareja para ambos seleccionados, aunque Colombia tuvo las mejores aproximaciones en los primeros minutos, con Jorge Carrascal y Luis D\u00edaz a la cabeza, mientras que Chile domin\u00f3 en los \u00faltimos minutos con escapadas de Ben Brereton y algunas llegadas fallidas de Alexis S\u00e1nchez.<\/p>\n\n\n\n<p>A los 33 minutos del complemento,&nbsp;<strong>Guillermo Marip\u00e1n conect\u00f3 un centro desde la izquierda y le dio la ventaja a Chile cuando venci\u00f3 a Camilo Vargas, pero el \u00e1rbitro Jes\u00fas Valenzuela invalid\u00f3 la jugada por posici\u00f3n adelantada del defensor central<\/strong>.<\/p>\n\n\n\n<p>En el cierre del partido, con un equipo chileno extenuado, los cafeteros intentaron romper el cero y metieron a los locales en su propio campo pero la punter\u00eda les fall\u00f3 en cada intento.<\/p>\n\n\n\n<p>Para la pr\u00f3xima fecha de las Eliminatorias -de mediados de octubre-, el conjunto chileno se enfrentar\u00e1 a Per\u00fa, como local, mientras que los dirigidos por N\u00e9stor Lorenzo recibir\u00e1n a Uruguay.<\/p>\n","protected":false},"excerpt":{"rendered":"<p>Fue en un disputado 0 a 0 que no conform\u00f3 a ninguno, pero los locales fueron los m\u00e1s perjudicados con el resultado, ya que tuvieron m\u00e1s situaciones. Chile empat\u00f3 como&hellip; <\/p>\n","protected":false},"author":4,"featured_media":87685,"comment_status":"closed","ping_status":"open","sticky":false,"template":"","format":"standard","meta":{"footnotes":""},"categories":[4],"tags":[],"class_list":["post-87669","post","type-post","status-publish","format-standard","has-post-thumbnail","hentry","category-deportes"],"_links":{"self":[{"href":"https:\/\/corrientesdetarde.com\/index.php\/wp-json\/wp\/v2\/posts\/87669","targetHints":{"allow":["GET"]}}],"collection":[{"href":"https:\/\/corrientesdetarde.com\/index.php\/wp-json\/wp\/v2\/posts"}],"about":[{"href":"https:\/\/corrientesdetarde.com\/index.php\/wp-json\/wp\/v2\/types\/post"}],"author":[{"embeddable":true,"href":"https:\/\/corrientesdetarde.com\/index.php\/wp-json\/wp\/v2\/users\/4"}],"replies":[{"embeddable":true,"href":"https:\/\/corrientesdetarde.com\/index.php\/wp-json\/wp\/v2\/comments?post=87669"}],"version-history":[{"count":1,"href":"https:\/\/corrientesdetarde.com\/index.php\/wp-json\/wp\/v2\/posts\/87669\/revisions"}],"predecessor-version":[{"id":87686,"href":"https:\/\/corrientesdetarde.com\/index.php\/wp-json\/wp\/v2\/posts\/87669\/revisions\/87686"}],"wp:featuredmedia":[{"embeddable":true,"href":"https:\/\/corrientesdetarde.com\/index.php\/wp-json\/wp\/v2\/media\/87685"}],"wp:attachment":[{"href":"https:\/\/corrientesdetarde.com\/index.php\/wp-json\/wp\/v2\/media?parent=87669"}],"wp:term":[{"taxonomy":"category","embeddable":true,"href":"https:\/\/corrientesdetarde.com\/index.php\/wp-json\/wp\/v2\/categories?post=87669"},{"taxonomy":"post_tag","embeddable":true,"href":"https:\/\/corrientesdetarde.com\/index.php\/wp-json\/wp\/v2\/tags?post=87669"}],"curies":[{"name":"wp","href":"https:\/\/api.w.org\/{rel}","templated":true}]}}